{"id":8657,"date":"2012-07-10T09:43:20","date_gmt":"2012-07-10T09:43:20","guid":{"rendered":"http:\/\/turcon.wordpress.com\/?p=8657"},"modified":"2012-07-10T09:43:20","modified_gmt":"2012-07-10T09:43:20","slug":"cientos-de-molinillos-para-decir-no-a-las-petroleras-si-a-las-renovables","status":"publish","type":"post","link":"https:\/\/turcon.es\/wp\/cientos-de-molinillos-para-decir-no-a-las-petroleras-si-a-las-renovables\/","title":{"rendered":"Cientos de molinillos para decir No a las petroleras, s\u00ed a las renovables"},"content":{"rendered":"<h3 style=\"text-align:justify;\">El s\u00e1bado 7 de Julio, durante el Festival \u201cFuerteventura en M\u00fasica\u201d se llev\u00f3 a cabo una acci\u00f3n convocada por Ben Magec-Ecologistas en Acci\u00f3n y el Colectivo Guanil que consisti\u00f3 en que cientos de personas levantaran a la vez molinillos de viento a favor de las energ\u00edas renovables.<\/h3>\n\n<p style=\"text-align:justify;\">Esta acci\u00f3n se desarrolla precisamente en la isla de Fuerteventura, la que tiene un mayor potencial para el desarrollo de energ\u00edas renovables. Si esta isla instalara toda la energ\u00eda e\u00f3lica posible (excluyendo espacios protegidos, zonas residenciales y lugares con poco potencial e\u00f3lico) ser\u00eda capaz de generar 11 veces m\u00e1s energ\u00eda de la que demanda.<\/p>\n<p style=\"text-align:justify;\">Por otro lado, el coste actual para la producci\u00f3n de electricidad es 3,5 veces m\u00e1s elevado que en la pen\u00ednsula, 0,20 \u20ac por kW\/h que si se produjera con energ\u00eda e\u00f3lica se reducir\u00eda a 5,5 \u20ac por kW\/h, es decir, casi cuatro veces menos.<\/p>\n<p style=\"text-align:justify;\">El caso de Fuerteventura es el m\u00e1s sorprendente aunque no el \u00fanico ya que Lanzarote, La Gomera, La Palma y El Hierro tienen una producci\u00f3n e\u00f3lica potencial superior a la demanda: <a href=\"http:\/\/turcon.es\/wp\/wp-content\/uploads\/2012\/07\/eolica.jpg\"><img fetchpriority=\"high\" decoding=\"async\" class=\"aligncenter  wp-image-8658\" title=\"eolica\" src=\"http:\/\/turcon.es\/wp\/wp-content\/uploads\/2012\/07\/eolica.jpg\" alt=\"\" width=\"413\" height=\"127\" \/><\/a><\/p>\n<p style=\"text-align:justify;\">Pero nuestras islas no son solo ricas en viento sino que adem\u00e1s cuentan con un elevado n\u00famero de horas de sol al a\u00f1o. Solo utilizando los tejados disponibles para instalar energ\u00eda solar fotovoltaica conseguir\u00edamos producir m\u00e1s del 100% de la demanda en todas las islas excepto en Gran Canaria. Una <!--more-->vez m\u00e1s, es Fuerteventura la isla que presenta un mayor potencial para producci\u00f3n de energ\u00eda solar. El precio de la producci\u00f3n de energ\u00eda solar, aunque es m\u00e1s caro que el de la e\u00f3lica, se sit\u00faa en 0,15 \u20ac por kWh frente a los 0,20 \u20ac por kWh que pagamos con el sistema de producci\u00f3n actual.<\/p>\n<p style=\"text-align:justify;\">Los empleos ligados al sector de las renovables en Canarias se situaban en 5.000, repartidos en unas 480 empresas. Esta cifra podr\u00eda ser muy superior si se llevara a cabo una apuesta clara por la implantaci\u00f3n m\u00e1xima de energ\u00edas renovables en nuestras islas. Estar\u00edamos hablando de cifras muy superiores a los entre 3.000 y 5.000 empleos que \u201cpromete\u201d Repsol ligados adem\u00e1s a un recurso con fecha de caducidad.<\/p>\n<p style=\"text-align:justify;\">Por otro lado las renovales suponen unos ingresos fiscales a las comunidades aut\u00f3nomas de 120 millones de euros, un ahorro anual\u00a0 de 62 millones de euros.<\/p>\n<p style=\"text-align:justify;\">Desde Ben Magec-Ecologistas en Acci\u00f3n piden una apuesta clara por una aplicaci\u00f3n de las energ\u00edas renovables m\u00e1s descentralizada y democr\u00e1tica, de forma que la riqueza revierta m\u00e1s directamente en la sociedad. Consideran que las grandes instalaciones concentradas (contradictorias con la propia naturaleza de las renovables, dispersas en el territorio) tienden a copar la potencia adjudicada en manos de grandes grupos de inversi\u00f3n y las propias el\u00e9ctricas.<\/p>\n<p style=\"text-align:justify;\">Las energ\u00edas renovales descentralizadas permiten la participaci\u00f3n de peque\u00f1os inversores, no con fines especulativos, si no con la finalidad de compensar parte o la totalidad de sus consumos el\u00e9ctricos. Por otro lado permite introducir las renovables en los entramados urbanos, ya sean residenciales o industriales, sin tener que ocupar nuevo suelo r\u00fastico. Por otro lado permite que en un futuro se pueda desarrollar el concepto de microrredes donde la gesti\u00f3n de la demanda seg\u00fan la generaci\u00f3n local de energ\u00eda, se implemente, minimizando los problemas de desequilibrio o gestionabilidad de la energ\u00eda.<\/p>\n<h5 style=\"text-align:justify;\"><strong>* \u201cAn\u00e1lisis de impacto del Real Decreto-ley 14\/2010 sobre las instalaciones de energ\u00eda solar fotovoltaica en Canarias\u201d. Agrupaci\u00f3n Empresarial Innovadora. Cluster de Empresas de Energ\u00edas Renovables, Medio Ambiente y Recursos H\u00eddricos de las Islas Canarias (RICAM)<\/strong><\/h5>\n","protected":false},"excerpt":{"rendered":"<p>El s\u00e1bado 7 de Julio, durante el Festival \u201cFuerteventura en M\u00fasica\u201d se llev\u00f3 a cabo una acci\u00f3n convocada por Ben Magec-Ecologistas en Acci\u00f3n y el Colectivo Guanil que consisti\u00f3 en que cientos de personas levantaran a la vez molinillos de viento a favor de las energ\u00edas renovables. Esta acci\u00f3n se desarrolla precisamente en la isla [&hellip;]<\/p>\n","protected":false},"author":2,"featured_media":0,"comment_status":"open","ping_status":"open","sticky":false,"template":"","format":"standard","meta":{"footnotes":""},"categories":[18,25,35],"tags":[1180,1559],"class_list":["post-8657","post","type-post","status-publish","format-standard","hentry","category-canarias","category-contaminacion-y-toxicos","category-energias-renovables","tag-no-a-las-petroleras","tag-si-a-las-renovables"],"yoast_head":"<!-- This site is optimized with the Yoast SEO plugin v26.3 - https:\/\/yoast.com\/wordpress\/plugins\/seo\/ -->\n<title>Cientos de molinillos para decir No a las petroleras, s\u00ed a las renovables - Colectivo Ecologista Turcon<\/title>\n<meta name=\"robots\" content=\"index, follow, max-snippet:-1, max-image-preview:large, max-video-preview:-1\" \/>\n<link rel=\"canonical\" href=\"https:\/\/turcon.es\/wp\/cientos-de-molinillos-para-decir-no-a-las-petroleras-si-a-las-renovables\/\" \/>\n<meta property=\"og:locale\" content=\"es_ES\" \/>\n<meta property=\"og:type\" content=\"article\" \/>\n<meta property=\"og:title\" content=\"Cientos de molinillos para decir No a las petroleras, s\u00ed a las renovables - Colectivo Ecologista Turcon\" \/>\n<meta property=\"og:description\" content=\"El s\u00e1bado 7 de Julio, durante el Festival \u201cFuerteventura en M\u00fasica\u201d se llev\u00f3 a cabo una acci\u00f3n convocada por Ben Magec-Ecologistas en Acci\u00f3n y el Colectivo Guanil que consisti\u00f3 en que cientos de personas levantaran a la vez molinillos de viento a favor de las energ\u00edas renovables. Esta acci\u00f3n se desarrolla precisamente en la isla [&hellip;]\" \/>\n<meta property=\"og:url\" content=\"https:\/\/turcon.es\/wp\/cientos-de-molinillos-para-decir-no-a-las-petroleras-si-a-las-renovables\/\" \/>\n<meta property=\"og:site_name\" content=\"Colectivo Ecologista Turcon\" \/>\n<meta property=\"article:published_time\" content=\"2012-07-10T09:43:20+00:00\" \/>\n<meta name=\"author\" content=\"Laura Fernandez\" \/>\n<meta name=\"twitter:card\" content=\"summary_large_image\" \/>\n<meta name=\"twitter:label1\" content=\"Escrito por\" \/>\n\t<meta name=\"twitter:data1\" content=\"Laura Fernandez\" \/>\n\t<meta name=\"twitter:label2\" content=\"Tiempo de lectura\" \/>\n\t<meta name=\"twitter:data2\" content=\"3 minutos\" \/>\n<script type=\"application\/ld+json\" class=\"yoast-schema-graph\">{\"@context\":\"https:\/\/schema.org\",\"@graph\":[{\"@type\":\"Article\",\"@id\":\"https:\/\/turcon.es\/wp\/cientos-de-molinillos-para-decir-no-a-las-petroleras-si-a-las-renovables\/#article\",\"isPartOf\":{\"@id\":\"https:\/\/turcon.es\/wp\/cientos-de-molinillos-para-decir-no-a-las-petroleras-si-a-las-renovables\/\"},\"author\":{\"name\":\"Laura Fernandez\",\"@id\":\"https:\/\/turcon.es\/wp\/#\/schema\/person\/a1f3ba727ce031d9da17684affe85edd\"},\"headline\":\"Cientos de molinillos para decir No a las petroleras, s\u00ed a las renovables\",\"datePublished\":\"2012-07-10T09:43:20+00:00\",\"mainEntityOfPage\":{\"@id\":\"https:\/\/turcon.es\/wp\/cientos-de-molinillos-para-decir-no-a-las-petroleras-si-a-las-renovables\/\"},\"wordCount\":637,\"commentCount\":0,\"publisher\":{\"@id\":\"https:\/\/turcon.es\/wp\/#organization\"},\"image\":{\"@id\":\"https:\/\/turcon.es\/wp\/cientos-de-molinillos-para-decir-no-a-las-petroleras-si-a-las-renovables\/#primaryimage\"},\"thumbnailUrl\":\"http:\/\/turcon.es\/wp\/wp-content\/uploads\/2012\/07\/eolica.jpg\",\"keywords\":[\"No a las petroleras\",\"si a las renovables\"],\"articleSection\":[\"Canarias\",\"Contaminaci\u00f3n y t\u00f3xicos\",\"Energ\u00edas renovables\"],\"inLanguage\":\"es\",\"potentialAction\":[{\"@type\":\"CommentAction\",\"name\":\"Comment\",\"target\":[\"https:\/\/turcon.es\/wp\/cientos-de-molinillos-para-decir-no-a-las-petroleras-si-a-las-renovables\/#respond\"]}]},{\"@type\":\"WebPage\",\"@id\":\"https:\/\/turcon.es\/wp\/cientos-de-molinillos-para-decir-no-a-las-petroleras-si-a-las-renovables\/\",\"url\":\"https:\/\/turcon.es\/wp\/cientos-de-molinillos-para-decir-no-a-las-petroleras-si-a-las-renovables\/\",\"name\":\"Cientos de molinillos para decir No a las petroleras, s\u00ed a las renovables - Colectivo Ecologista Turcon\",\"isPartOf\":{\"@id\":\"https:\/\/turcon.es\/wp\/#website\"},\"primaryImageOfPage\":{\"@id\":\"https:\/\/turcon.es\/wp\/cientos-de-molinillos-para-decir-no-a-las-petroleras-si-a-las-renovables\/#primaryimage\"},\"image\":{\"@id\":\"https:\/\/turcon.es\/wp\/cientos-de-molinillos-para-decir-no-a-las-petroleras-si-a-las-renovables\/#primaryimage\"},\"thumbnailUrl\":\"http:\/\/turcon.es\/wp\/wp-content\/uploads\/2012\/07\/eolica.jpg\",\"datePublished\":\"2012-07-10T09:43:20+00:00\",\"breadcrumb\":{\"@id\":\"https:\/\/turcon.es\/wp\/cientos-de-molinillos-para-decir-no-a-las-petroleras-si-a-las-renovables\/#breadcrumb\"},\"inLanguage\":\"es\",\"potentialAction\":[{\"@type\":\"ReadAction\",\"target\":[\"https:\/\/turcon.es\/wp\/cientos-de-molinillos-para-decir-no-a-las-petroleras-si-a-las-renovables\/\"]}]},{\"@type\":\"ImageObject\",\"inLanguage\":\"es\",\"@id\":\"https:\/\/turcon.es\/wp\/cientos-de-molinillos-para-decir-no-a-las-petroleras-si-a-las-renovables\/#primaryimage\",\"url\":\"http:\/\/turcon.es\/wp\/wp-content\/uploads\/2012\/07\/eolica.jpg\",\"contentUrl\":\"http:\/\/turcon.es\/wp\/wp-content\/uploads\/2012\/07\/eolica.jpg\"},{\"@type\":\"BreadcrumbList\",\"@id\":\"https:\/\/turcon.es\/wp\/cientos-de-molinillos-para-decir-no-a-las-petroleras-si-a-las-renovables\/#breadcrumb\",\"itemListElement\":[{\"@type\":\"ListItem\",\"position\":1,\"name\":\"Portada\",\"item\":\"https:\/\/turcon.es\/wp\/\"},{\"@type\":\"ListItem\",\"position\":2,\"name\":\"Cientos de molinillos para decir No a las petroleras, s\u00ed a las renovables\"}]},{\"@type\":\"WebSite\",\"@id\":\"https:\/\/turcon.es\/wp\/#website\",\"url\":\"https:\/\/turcon.es\/wp\/\",\"name\":\"Colectivo Ecologista Turcon\",\"description\":\"\",\"publisher\":{\"@id\":\"https:\/\/turcon.es\/wp\/#organization\"},\"potentialAction\":[{\"@type\":\"SearchAction\",\"target\":{\"@type\":\"EntryPoint\",\"urlTemplate\":\"https:\/\/turcon.es\/wp\/?s={search_term_string}\"},\"query-input\":{\"@type\":\"PropertyValueSpecification\",\"valueRequired\":true,\"valueName\":\"search_term_string\"}}],\"inLanguage\":\"es\"},{\"@type\":\"Organization\",\"@id\":\"https:\/\/turcon.es\/wp\/#organization\",\"name\":\"Colectivo Ecologista Turcon\",\"url\":\"https:\/\/turcon.es\/wp\/\",\"logo\":{\"@type\":\"ImageObject\",\"inLanguage\":\"es\",\"@id\":\"https:\/\/turcon.es\/wp\/#\/schema\/logo\/image\/\",\"url\":\"https:\/\/turcon.es\/wp\/wp-content\/uploads\/2025\/03\/logo-verde.svg\",\"contentUrl\":\"https:\/\/turcon.es\/wp\/wp-content\/uploads\/2025\/03\/logo-verde.svg\",\"width\":813,\"height\":813,\"caption\":\"Colectivo Ecologista Turcon\"},\"image\":{\"@id\":\"https:\/\/turcon.es\/wp\/#\/schema\/logo\/image\/\"}},{\"@type\":\"Person\",\"@id\":\"https:\/\/turcon.es\/wp\/#\/schema\/person\/a1f3ba727ce031d9da17684affe85edd\",\"name\":\"Laura Fernandez\",\"image\":{\"@type\":\"ImageObject\",\"inLanguage\":\"es\",\"@id\":\"https:\/\/turcon.es\/wp\/#\/schema\/person\/image\/\",\"url\":\"https:\/\/secure.gravatar.com\/avatar\/360749af9549af22e54582d50231ae56e854210ae2368797ba242f445a9852e8?s=96&d=mm&r=g\",\"contentUrl\":\"https:\/\/secure.gravatar.com\/avatar\/360749af9549af22e54582d50231ae56e854210ae2368797ba242f445a9852e8?s=96&d=mm&r=g\",\"caption\":\"Laura Fernandez\"},\"url\":\"https:\/\/turcon.es\/wp\/author\/admturcon\/\"}]}<\/script>\n<!-- \/ Yoast SEO plugin. -->","yoast_head_json":{"title":"Cientos de molinillos para decir No a las petroleras, s\u00ed a las renovables - Colectivo Ecologista Turcon","robots":{"index":"index","follow":"follow","max-snippet":"max-snippet:-1","max-image-preview":"max-image-preview:large","max-video-preview":"max-video-preview:-1"},"canonical":"https:\/\/turcon.es\/wp\/cientos-de-molinillos-para-decir-no-a-las-petroleras-si-a-las-renovables\/","og_locale":"es_ES","og_type":"article","og_title":"Cientos de molinillos para decir No a las petroleras, s\u00ed a las renovables - Colectivo Ecologista Turcon","og_description":"El s\u00e1bado 7 de Julio, durante el Festival \u201cFuerteventura en M\u00fasica\u201d se llev\u00f3 a cabo una acci\u00f3n convocada por Ben Magec-Ecologistas en Acci\u00f3n y el Colectivo Guanil que consisti\u00f3 en que cientos de personas levantaran a la vez molinillos de viento a favor de las energ\u00edas renovables. Esta acci\u00f3n se desarrolla precisamente en la isla [&hellip;]","og_url":"https:\/\/turcon.es\/wp\/cientos-de-molinillos-para-decir-no-a-las-petroleras-si-a-las-renovables\/","og_site_name":"Colectivo Ecologista Turcon","article_published_time":"2012-07-10T09:43:20+00:00","author":"Laura Fernandez","twitter_card":"summary_large_image","twitter_misc":{"Escrito por":"Laura Fernandez","Tiempo de lectura":"3 minutos"},"schema":{"@context":"https:\/\/schema.org","@graph":[{"@type":"Article","@id":"https:\/\/turcon.es\/wp\/cientos-de-molinillos-para-decir-no-a-las-petroleras-si-a-las-renovables\/#article","isPartOf":{"@id":"https:\/\/turcon.es\/wp\/cientos-de-molinillos-para-decir-no-a-las-petroleras-si-a-las-renovables\/"},"author":{"name":"Laura Fernandez","@id":"https:\/\/turcon.es\/wp\/#\/schema\/person\/a1f3ba727ce031d9da17684affe85edd"},"headline":"Cientos de molinillos para decir No a las petroleras, s\u00ed a las renovables","datePublished":"2012-07-10T09:43:20+00:00","mainEntityOfPage":{"@id":"https:\/\/turcon.es\/wp\/cientos-de-molinillos-para-decir-no-a-las-petroleras-si-a-las-renovables\/"},"wordCount":637,"commentCount":0,"publisher":{"@id":"https:\/\/turcon.es\/wp\/#organization"},"image":{"@id":"https:\/\/turcon.es\/wp\/cientos-de-molinillos-para-decir-no-a-las-petroleras-si-a-las-renovables\/#primaryimage"},"thumbnailUrl":"http:\/\/turcon.es\/wp\/wp-content\/uploads\/2012\/07\/eolica.jpg","keywords":["No a las petroleras","si a las renovables"],"articleSection":["Canarias","Contaminaci\u00f3n y t\u00f3xicos","Energ\u00edas renovables"],"inLanguage":"es","potentialAction":[{"@type":"CommentAction","name":"Comment","target":["https:\/\/turcon.es\/wp\/cientos-de-molinillos-para-decir-no-a-las-petroleras-si-a-las-renovables\/#respond"]}]},{"@type":"WebPage","@id":"https:\/\/turcon.es\/wp\/cientos-de-molinillos-para-decir-no-a-las-petroleras-si-a-las-renovables\/","url":"https:\/\/turcon.es\/wp\/cientos-de-molinillos-para-decir-no-a-las-petroleras-si-a-las-renovables\/","name":"Cientos de molinillos para decir No a las petroleras, s\u00ed a las renovables - Colectivo Ecologista Turcon","isPartOf":{"@id":"https:\/\/turcon.es\/wp\/#website"},"primaryImageOfPage":{"@id":"https:\/\/turcon.es\/wp\/cientos-de-molinillos-para-decir-no-a-las-petroleras-si-a-las-renovables\/#primaryimage"},"image":{"@id":"https:\/\/turcon.es\/wp\/cientos-de-molinillos-para-decir-no-a-las-petroleras-si-a-las-renovables\/#primaryimage"},"thumbnailUrl":"http:\/\/turcon.es\/wp\/wp-content\/uploads\/2012\/07\/eolica.jpg","datePublished":"2012-07-10T09:43:20+00:00","breadcrumb":{"@id":"https:\/\/turcon.es\/wp\/cientos-de-molinillos-para-decir-no-a-las-petroleras-si-a-las-renovables\/#breadcrumb"},"inLanguage":"es","potentialAction":[{"@type":"ReadAction","target":["https:\/\/turcon.es\/wp\/cientos-de-molinillos-para-decir-no-a-las-petroleras-si-a-las-renovables\/"]}]},{"@type":"ImageObject","inLanguage":"es","@id":"https:\/\/turcon.es\/wp\/cientos-de-molinillos-para-decir-no-a-las-petroleras-si-a-las-renovables\/#primaryimage","url":"http:\/\/turcon.es\/wp\/wp-content\/uploads\/2012\/07\/eolica.jpg","contentUrl":"http:\/\/turcon.es\/wp\/wp-content\/uploads\/2012\/07\/eolica.jpg"},{"@type":"BreadcrumbList","@id":"https:\/\/turcon.es\/wp\/cientos-de-molinillos-para-decir-no-a-las-petroleras-si-a-las-renovables\/#breadcrumb","itemListElement":[{"@type":"ListItem","position":1,"name":"Portada","item":"https:\/\/turcon.es\/wp\/"},{"@type":"ListItem","position":2,"name":"Cientos de molinillos para decir No a las petroleras, s\u00ed a las renovables"}]},{"@type":"WebSite","@id":"https:\/\/turcon.es\/wp\/#website","url":"https:\/\/turcon.es\/wp\/","name":"Colectivo Ecologista Turcon","description":"","publisher":{"@id":"https:\/\/turcon.es\/wp\/#organization"},"potentialAction":[{"@type":"SearchAction","target":{"@type":"EntryPoint","urlTemplate":"https:\/\/turcon.es\/wp\/?s={search_term_string}"},"query-input":{"@type":"PropertyValueSpecification","valueRequired":true,"valueName":"search_term_string"}}],"inLanguage":"es"},{"@type":"Organization","@id":"https:\/\/turcon.es\/wp\/#organization","name":"Colectivo Ecologista Turcon","url":"https:\/\/turcon.es\/wp\/","logo":{"@type":"ImageObject","inLanguage":"es","@id":"https:\/\/turcon.es\/wp\/#\/schema\/logo\/image\/","url":"https:\/\/turcon.es\/wp\/wp-content\/uploads\/2025\/03\/logo-verde.svg","contentUrl":"https:\/\/turcon.es\/wp\/wp-content\/uploads\/2025\/03\/logo-verde.svg","width":813,"height":813,"caption":"Colectivo Ecologista Turcon"},"image":{"@id":"https:\/\/turcon.es\/wp\/#\/schema\/logo\/image\/"}},{"@type":"Person","@id":"https:\/\/turcon.es\/wp\/#\/schema\/person\/a1f3ba727ce031d9da17684affe85edd","name":"Laura Fernandez","image":{"@type":"ImageObject","inLanguage":"es","@id":"https:\/\/turcon.es\/wp\/#\/schema\/person\/image\/","url":"https:\/\/secure.gravatar.com\/avatar\/360749af9549af22e54582d50231ae56e854210ae2368797ba242f445a9852e8?s=96&d=mm&r=g","contentUrl":"https:\/\/secure.gravatar.com\/avatar\/360749af9549af22e54582d50231ae56e854210ae2368797ba242f445a9852e8?s=96&d=mm&r=g","caption":"Laura Fernandez"},"url":"https:\/\/turcon.es\/wp\/author\/admturcon\/"}]}},"_links":{"self":[{"href":"https:\/\/turcon.es\/wp\/wp-json\/wp\/v2\/posts\/8657","targetHints":{"allow":["GET"]}}],"collection":[{"href":"https:\/\/turcon.es\/wp\/wp-json\/wp\/v2\/posts"}],"about":[{"href":"https:\/\/turcon.es\/wp\/wp-json\/wp\/v2\/types\/post"}],"author":[{"embeddable":true,"href":"https:\/\/turcon.es\/wp\/wp-json\/wp\/v2\/users\/2"}],"replies":[{"embeddable":true,"href":"https:\/\/turcon.es\/wp\/wp-json\/wp\/v2\/comments?post=8657"}],"version-history":[{"count":0,"href":"https:\/\/turcon.es\/wp\/wp-json\/wp\/v2\/posts\/8657\/revisions"}],"wp:attachment":[{"href":"https:\/\/turcon.es\/wp\/wp-json\/wp\/v2\/media?parent=8657"}],"wp:term":[{"taxonomy":"category","embeddable":true,"href":"https:\/\/turcon.es\/wp\/wp-json\/wp\/v2\/categories?post=8657"},{"taxonomy":"post_tag","embeddable":true,"href":"https:\/\/turcon.es\/wp\/wp-json\/wp\/v2\/tags?post=8657"}],"curies":[{"name":"wp","href":"https:\/\/api.w.org\/{rel}","templated":true}]}}