{"id":8696,"date":"2012-07-15T10:37:27","date_gmt":"2012-07-15T10:37:27","guid":{"rendered":"http:\/\/turcon.wordpress.com\/?p=8696"},"modified":"2012-07-15T10:37:27","modified_gmt":"2012-07-15T10:37:27","slug":"europa-se-come-el-ultimo-pescado-del-ano","status":"publish","type":"post","link":"https:\/\/turcon.es\/wp\/europa-se-come-el-ultimo-pescado-del-ano\/","title":{"rendered":"Europa se come el \u00faltimo pescado del a\u00f1o"},"content":{"rendered":"<p style=\"text-align:justify;\">Un informe publicado por la nef (new economics foundation) y OCEAN2012 (coalici\u00f3n formada por m\u00e1s de 170 organizaciones europeas de la que Ecologistas en Acci\u00f3n forma parte del grupo directivo)<span style=\"color:#800000;\"><strong> revela que si los europeos solamente consumieran pescado de suministro propio, al ritmo de consumo actual se quedar\u00edan sin pescado el 6 de Julio,<\/strong> <\/span>pasando a depender del pescado del resto del mundo a partir del 7 de Julio.<a href=\"http:\/\/turcon.es\/wp\/wp-content\/uploads\/2012\/07\/pescado.jpg\"><img fetchpriority=\"high\" decoding=\"async\" class=\"alignright size-full wp-image-8698\" title=\"pescado\" src=\"http:\/\/turcon.es\/wp\/wp-content\/uploads\/2012\/07\/pescado.jpg\" alt=\"\" width=\"259\" height=\"194\" \/><\/a><\/p>\n<p style=\"text-align:justify;\"><span style=\"color:#800000;\"><strong>Hoy uno de cada dos pescados consumido en la UE proviene de fuera de la UE, mientras que hace veinte a\u00f1os era uno de cada tres.<\/strong><\/span><\/p>\n<p>Informe Fish DependenceEl informe Fish Dependence &#8211; El D\u00eda de Dependencia de Pescado &#8211; revela como los pa\u00edses de la UE est\u00e1n importando pescado y exportando la sobrepesca. Europa consume mucho m\u00e1s de lo que sus aguas pueden producir. El estudio compara datos de la FAO sobre consumo de pescado con cifras de la Comisi\u00f3n Europea sobre capturas en caladeros europeos mostrando como el consumo de pescado ha crecido mientras que las capturas en los caladeros europeos se han reducido. De acuerdo con el informe:<\/p>\n<p>\u2022Si la EU consumiera solamente pescado de suministro propio, se quedar\u00eda sin pescado el 6 de Julio, pasando a depender del pescado procedente del resto del mundo a partir del 7 Julio. Un d\u00eda m\u00e1s tarde que en el 2011 y cuatro m\u00e1s que en 2010.<!--more--><\/p>\n<p>\u2022Espa\u00f1a, el d\u00eda en que comienza a depender de pescado de otros pa\u00edses se produce antes que para la UE en su conjunto, concretamente el 25 de mayo. Espa\u00f1a se encuentra entre los pa\u00edses m\u00e1s \u00abdependientes del pescado\u00bb dentro de la UE junto con Portugal (30 de marzo), Alemania (20 de abril), Italia (30 de abril) y Francia (21 de mayo).<\/p>\n<p>\u2022El d\u00eda en que Europa entra en dependencia de pescado se ha ido adelantando con respecto al 1990 (2 Setiembre) lo cual revela una creciente dependencia de pescado de aguas no-UE.<\/p>\n<p>\u2022Esta fecha ha variado muy poco durante los \u00faltimos tres a\u00f1os indicando una cierta estabilizaci\u00f3n; aunque todav\u00eda pronto para confirmarlo.<\/p>\n<p>\u2022El crecimiento de la acuicultura de la UE no ha conseguido compensar nuestra creciente dependencia al pescado procedente de otros lugares.<\/p>\n<p>La disminuci\u00f3n de capturas en aguas europeas se ha producido porque durante muchos a\u00f1os hemos estado extrayendo pescado de nuestras aguas mas r\u00e1pidamente de lo que tarda el pescado puede regenerarse. El vac\u00edo creado por la diferencia entre lo que consumimos y lo que producimos se ha llenado con pescado procedente de fuera de la UE. As\u00ed, cada vez m\u00e1s vamos a capturar pescado en aguas de pa\u00edses de fuera de la UE e incrementamos el nivel de importaciones.<\/p>\n<p>P\u00e9rdida de empleo e ingresos<\/p>\n<p>La sobrepesca significa que la UE est\u00e1 obteniendo mucho menos de sus poblaciones de peces que si \u00e9stas recuperaran un buen estado de salud y fueran gestionadas de forma sostenible. Cada a\u00f1o se pierden miles de millones de Euros y miles de empleos debido a la sobrepesca.<\/p>\n<p>\u2022Restaurar 43 stocks de pesca hasta su rendimiento m\u00e1ximo sostenible (RMS) generar\u00eda 3,53 millones de toneladas adicionales de desembarques, suficiente para satisfacer la demanda anual de pescado de casi 160 millones de ciudadanos de la UE [1].<\/p>\n<p>\u2022El valor de restaurar estos stocks asciende a 3.200 millones de euros al a\u00f1o para todos los pa\u00edses. Tiene un valor de 1.800 millones de euros al a\u00f1o para la UE27, o casi tres veces los fondos destinados anualmente a las subvenciones a la pesca.<\/p>\n<p>\u2022Restaurar estas poblaciones de peces permitir\u00eda la creaci\u00f3n de 100.790 nuevos puestos de trabajo, de los cuales unos 83.000 beneficiar\u00edan a la UE27 (un 31% m\u00e1s que el nivel actual de empleo en el sector pesquero de la UE).<\/p>\n<p>\u00abCada a\u00f1o los ministros de pesca europeos hacen desaparecer de un plumazo millones de euros y miles de empleos permitiendo que la sobrepesca contin\u00fae. La reforma de la Pol\u00edtica Pesquera Com\u00fan de los pr\u00f3ximos meses es una magn\u00edfica oportunidad de poner fin a esta sangr\u00eda de empleo y de dinero\u00bb declara Aniol Esteban, miembro de nef (new economics foundation) y de OCEAN2012 y coautor del informe. Aniol, adem\u00e1s a\u00f1ade que \u00abCada a\u00f1o qu\u00e9 pasa con los caladeros sobreexplotados perdemos 3.000 millones de euros que podr\u00edan mantener 100.000 puestos de trabajo. Los ministros de pesca de la UE deben explicar a sus ciudadanos porque en un contexto de crisis econ\u00f3mica y alto desempleo quieren prolongar esta perdida de empleo e ingresos hasta el 2020\u00bb.<\/p>\n<p>Lydia Chaparro, coordinadora de divulgaci\u00f3n de OCEAN2012 y responsable de Pesca de Ecologistas en Acci\u00f3n afirma que \u00abEste informe pone de relieve que si la gente desea pescado y marisco sostenibles, tiene que asegurarse de que los responsables pol\u00edticos acuerdan y aplican una pol\u00edtica pesquera responsable\u00bb y a\u00f1ade \u00abNo es suficiente con plantear el objetivo de Rendimiento M\u00e1ximo Sostenible para el a\u00f1o 2020, necesitamos acelerar el ritmo y acortar el plazo. Nuestro gobierno debe dar un paso adelante para permitir recuperar los stocks y as\u00ed generar m\u00e1s alimento, m\u00e1s trabajo y mejor situaci\u00f3n econ\u00f3mica. No es aceptable retrasar la toma de medidas\u00bb comenta Lydia Chaparro.<\/p>\n<p>\u00abLa UE cuenta con unos de los mayores y m\u00e1s ricos caladeros del mundo, pero no hemos conseguido gestionarlos de forma responsable. Para satisfacer nuestro creciente apetito de pescado, sobreexplotamos nuestros caladeros y exportamos la sobrepesca a otras partes del mundo\u00bb declara Miquel Ortega, coordinador pol\u00edtico de OCEAN2012. \u00abLa soluci\u00f3n a la sobrepesca pasa por fijar los l\u00edmites de captura a un nivel que garantice la recuperaci\u00f3n r\u00e1pida de los caladeros; la asignaci\u00f3n de cuotas de pesca a aquellos que pescan de forma sostenible y utilizar la subvenciones de forma inteligente\u00bb.<\/p>\n<p>Calendario de dependencia de pescado 2012<\/p>\n<p>Art\u00edculos relacionados<\/p>\n<p>\u2022A partir de ma\u00f1ana estaremos comiendo el pescado de otros<\/p>\n<p>Notas<\/p>\n<p>[1] El consumo medio de pescado de la UE es de 22,2 kg por c\u00e1pita y por a\u00f1o (nivel de 2010). Informaci\u00f3n recibida de la Organizaci\u00f3n para la Agricultura y la Alimentaci\u00f3n (FAO), Departamento de Pesca de Naciones Unidas (2010). The state of world fisheries and aquaculture [El estado mundial de la pesca y la acuicultura]. Roma: FAO.<\/p>\n<p>&nbsp;<\/p>\n","protected":false},"excerpt":{"rendered":"<p>Un informe publicado por la nef (new economics foundation) y OCEAN2012 (coalici\u00f3n formada por m\u00e1s de 170 organizaciones europeas de la que Ecologistas en Acci\u00f3n forma parte del grupo directivo) revela que si los europeos solamente consumieran pescado de suministro propio, al ritmo de consumo actual se quedar\u00edan sin pescado el 6 de Julio, pasando [&hellip;]<\/p>\n","protected":false},"author":2,"featured_media":0,"comment_status":"open","ping_status":"open","sticky":false,"template":"","format":"standard","meta":{"footnotes":""},"categories":[8,9,24,25,26,47,55],"tags":[],"class_list":["post-8696","post","type-post","status-publish","format-standard","hentry","category-administracion-publica","category-agricultura-y-ganaderia","category-consumismo","category-contaminacion-y-toxicos","category-crisis-alimentaria","category-oceanos","category-recursos-naturales"],"yoast_head":"<!-- This site is optimized with the Yoast SEO plugin v26.3 - https:\/\/yoast.com\/wordpress\/plugins\/seo\/ -->\n<title>Europa se come el \u00faltimo pescado del a\u00f1o - Colectivo Ecologista Turcon<\/title>\n<meta name=\"robots\" content=\"index, follow, max-snippet:-1, max-image-preview:large, max-video-preview:-1\" \/>\n<link rel=\"canonical\" href=\"https:\/\/turcon.es\/wp\/europa-se-come-el-ultimo-pescado-del-ano\/\" \/>\n<meta property=\"og:locale\" content=\"es_ES\" \/>\n<meta property=\"og:type\" content=\"article\" \/>\n<meta property=\"og:title\" content=\"Europa se come el \u00faltimo pescado del a\u00f1o - Colectivo Ecologista Turcon\" \/>\n<meta property=\"og:description\" content=\"Un informe publicado por la nef (new economics foundation) y OCEAN2012 (coalici\u00f3n formada por m\u00e1s de 170 organizaciones europeas de la que Ecologistas en Acci\u00f3n forma parte del grupo directivo) revela que si los europeos solamente consumieran pescado de suministro propio, al ritmo de consumo actual se quedar\u00edan sin pescado el 6 de Julio, pasando [&hellip;]\" \/>\n<meta property=\"og:url\" content=\"https:\/\/turcon.es\/wp\/europa-se-come-el-ultimo-pescado-del-ano\/\" \/>\n<meta property=\"og:site_name\" content=\"Colectivo Ecologista Turcon\" \/>\n<meta property=\"article:published_time\" content=\"2012-07-15T10:37:27+00:00\" \/>\n<meta property=\"og:image\" content=\"https:\/\/turcon.es\/wp\/wp-content\/uploads\/2012\/07\/pescado.jpg\" \/>\n\t<meta property=\"og:image:width\" content=\"259\" \/>\n\t<meta property=\"og:image:height\" content=\"194\" \/>\n\t<meta property=\"og:image:type\" content=\"image\/jpeg\" \/>\n<meta name=\"author\" content=\"Laura Fernandez\" \/>\n<meta name=\"twitter:card\" content=\"summary_large_image\" \/>\n<meta name=\"twitter:label1\" content=\"Escrito por\" \/>\n\t<meta name=\"twitter:data1\" content=\"Laura Fernandez\" \/>\n\t<meta name=\"twitter:label2\" content=\"Tiempo de lectura\" \/>\n\t<meta name=\"twitter:data2\" content=\"5 minutos\" \/>\n<script type=\"application\/ld+json\" class=\"yoast-schema-graph\">{\"@context\":\"https:\/\/schema.org\",\"@graph\":[{\"@type\":\"Article\",\"@id\":\"https:\/\/turcon.es\/wp\/europa-se-come-el-ultimo-pescado-del-ano\/#article\",\"isPartOf\":{\"@id\":\"https:\/\/turcon.es\/wp\/europa-se-come-el-ultimo-pescado-del-ano\/\"},\"author\":{\"name\":\"Laura Fernandez\",\"@id\":\"https:\/\/turcon.es\/wp\/#\/schema\/person\/a1f3ba727ce031d9da17684affe85edd\"},\"headline\":\"Europa se come el \u00faltimo pescado del a\u00f1o\",\"datePublished\":\"2012-07-15T10:37:27+00:00\",\"mainEntityOfPage\":{\"@id\":\"https:\/\/turcon.es\/wp\/europa-se-come-el-ultimo-pescado-del-ano\/\"},\"wordCount\":1063,\"commentCount\":0,\"publisher\":{\"@id\":\"https:\/\/turcon.es\/wp\/#organization\"},\"image\":{\"@id\":\"https:\/\/turcon.es\/wp\/europa-se-come-el-ultimo-pescado-del-ano\/#primaryimage\"},\"thumbnailUrl\":\"http:\/\/turcon.es\/wp\/wp-content\/uploads\/2012\/07\/pescado.jpg\",\"articleSection\":[\"Administraci\u00f3n p\u00fablica\",\"Agricultura y ganader\u00eda\",\"Consumismo\",\"Contaminaci\u00f3n y t\u00f3xicos\",\"Crisis alimentaria\",\"Oc\u00e9anos\",\"Recursos naturales\"],\"inLanguage\":\"es\",\"potentialAction\":[{\"@type\":\"CommentAction\",\"name\":\"Comment\",\"target\":[\"https:\/\/turcon.es\/wp\/europa-se-come-el-ultimo-pescado-del-ano\/#respond\"]}]},{\"@type\":\"WebPage\",\"@id\":\"https:\/\/turcon.es\/wp\/europa-se-come-el-ultimo-pescado-del-ano\/\",\"url\":\"https:\/\/turcon.es\/wp\/europa-se-come-el-ultimo-pescado-del-ano\/\",\"name\":\"Europa se come el \u00faltimo pescado del a\u00f1o - Colectivo Ecologista Turcon\",\"isPartOf\":{\"@id\":\"https:\/\/turcon.es\/wp\/#website\"},\"primaryImageOfPage\":{\"@id\":\"https:\/\/turcon.es\/wp\/europa-se-come-el-ultimo-pescado-del-ano\/#primaryimage\"},\"image\":{\"@id\":\"https:\/\/turcon.es\/wp\/europa-se-come-el-ultimo-pescado-del-ano\/#primaryimage\"},\"thumbnailUrl\":\"http:\/\/turcon.es\/wp\/wp-content\/uploads\/2012\/07\/pescado.jpg\",\"datePublished\":\"2012-07-15T10:37:27+00:00\",\"breadcrumb\":{\"@id\":\"https:\/\/turcon.es\/wp\/europa-se-come-el-ultimo-pescado-del-ano\/#breadcrumb\"},\"inLanguage\":\"es\",\"potentialAction\":[{\"@type\":\"ReadAction\",\"target\":[\"https:\/\/turcon.es\/wp\/europa-se-come-el-ultimo-pescado-del-ano\/\"]}]},{\"@type\":\"ImageObject\",\"inLanguage\":\"es\",\"@id\":\"https:\/\/turcon.es\/wp\/europa-se-come-el-ultimo-pescado-del-ano\/#primaryimage\",\"url\":\"http:\/\/turcon.es\/wp\/wp-content\/uploads\/2012\/07\/pescado.jpg\",\"contentUrl\":\"http:\/\/turcon.es\/wp\/wp-content\/uploads\/2012\/07\/pescado.jpg\"},{\"@type\":\"BreadcrumbList\",\"@id\":\"https:\/\/turcon.es\/wp\/europa-se-come-el-ultimo-pescado-del-ano\/#breadcrumb\",\"itemListElement\":[{\"@type\":\"ListItem\",\"position\":1,\"name\":\"Portada\",\"item\":\"https:\/\/turcon.es\/wp\/\"},{\"@type\":\"ListItem\",\"position\":2,\"name\":\"Europa se come el \u00faltimo pescado del a\u00f1o\"}]},{\"@type\":\"WebSite\",\"@id\":\"https:\/\/turcon.es\/wp\/#website\",\"url\":\"https:\/\/turcon.es\/wp\/\",\"name\":\"Colectivo Ecologista Turcon\",\"description\":\"\",\"publisher\":{\"@id\":\"https:\/\/turcon.es\/wp\/#organization\"},\"potentialAction\":[{\"@type\":\"SearchAction\",\"target\":{\"@type\":\"EntryPoint\",\"urlTemplate\":\"https:\/\/turcon.es\/wp\/?s={search_term_string}\"},\"query-input\":{\"@type\":\"PropertyValueSpecification\",\"valueRequired\":true,\"valueName\":\"search_term_string\"}}],\"inLanguage\":\"es\"},{\"@type\":\"Organization\",\"@id\":\"https:\/\/turcon.es\/wp\/#organization\",\"name\":\"Colectivo Ecologista Turcon\",\"url\":\"https:\/\/turcon.es\/wp\/\",\"logo\":{\"@type\":\"ImageObject\",\"inLanguage\":\"es\",\"@id\":\"https:\/\/turcon.es\/wp\/#\/schema\/logo\/image\/\",\"url\":\"https:\/\/turcon.es\/wp\/wp-content\/uploads\/2025\/03\/logo-verde.svg\",\"contentUrl\":\"https:\/\/turcon.es\/wp\/wp-content\/uploads\/2025\/03\/logo-verde.svg\",\"width\":813,\"height\":813,\"caption\":\"Colectivo Ecologista Turcon\"},\"image\":{\"@id\":\"https:\/\/turcon.es\/wp\/#\/schema\/logo\/image\/\"}},{\"@type\":\"Person\",\"@id\":\"https:\/\/turcon.es\/wp\/#\/schema\/person\/a1f3ba727ce031d9da17684affe85edd\",\"name\":\"Laura Fernandez\",\"image\":{\"@type\":\"ImageObject\",\"inLanguage\":\"es\",\"@id\":\"https:\/\/turcon.es\/wp\/#\/schema\/person\/image\/\",\"url\":\"https:\/\/secure.gravatar.com\/avatar\/360749af9549af22e54582d50231ae56e854210ae2368797ba242f445a9852e8?s=96&d=mm&r=g\",\"contentUrl\":\"https:\/\/secure.gravatar.com\/avatar\/360749af9549af22e54582d50231ae56e854210ae2368797ba242f445a9852e8?s=96&d=mm&r=g\",\"caption\":\"Laura Fernandez\"},\"url\":\"https:\/\/turcon.es\/wp\/author\/admturcon\/\"}]}<\/script>\n<!-- \/ Yoast SEO plugin. -->","yoast_head_json":{"title":"Europa se come el \u00faltimo pescado del a\u00f1o - Colectivo Ecologista Turcon","robots":{"index":"index","follow":"follow","max-snippet":"max-snippet:-1","max-image-preview":"max-image-preview:large","max-video-preview":"max-video-preview:-1"},"canonical":"https:\/\/turcon.es\/wp\/europa-se-come-el-ultimo-pescado-del-ano\/","og_locale":"es_ES","og_type":"article","og_title":"Europa se come el \u00faltimo pescado del a\u00f1o - Colectivo Ecologista Turcon","og_description":"Un informe publicado por la nef (new economics foundation) y OCEAN2012 (coalici\u00f3n formada por m\u00e1s de 170 organizaciones europeas de la que Ecologistas en Acci\u00f3n forma parte del grupo directivo) revela que si los europeos solamente consumieran pescado de suministro propio, al ritmo de consumo actual se quedar\u00edan sin pescado el 6 de Julio, pasando [&hellip;]","og_url":"https:\/\/turcon.es\/wp\/europa-se-come-el-ultimo-pescado-del-ano\/","og_site_name":"Colectivo Ecologista Turcon","article_published_time":"2012-07-15T10:37:27+00:00","og_image":[{"width":259,"height":194,"url":"https:\/\/turcon.es\/wp\/wp-content\/uploads\/2012\/07\/pescado.jpg","type":"image\/jpeg"}],"author":"Laura Fernandez","twitter_card":"summary_large_image","twitter_misc":{"Escrito por":"Laura Fernandez","Tiempo de lectura":"5 minutos"},"schema":{"@context":"https:\/\/schema.org","@graph":[{"@type":"Article","@id":"https:\/\/turcon.es\/wp\/europa-se-come-el-ultimo-pescado-del-ano\/#article","isPartOf":{"@id":"https:\/\/turcon.es\/wp\/europa-se-come-el-ultimo-pescado-del-ano\/"},"author":{"name":"Laura Fernandez","@id":"https:\/\/turcon.es\/wp\/#\/schema\/person\/a1f3ba727ce031d9da17684affe85edd"},"headline":"Europa se come el \u00faltimo pescado del a\u00f1o","datePublished":"2012-07-15T10:37:27+00:00","mainEntityOfPage":{"@id":"https:\/\/turcon.es\/wp\/europa-se-come-el-ultimo-pescado-del-ano\/"},"wordCount":1063,"commentCount":0,"publisher":{"@id":"https:\/\/turcon.es\/wp\/#organization"},"image":{"@id":"https:\/\/turcon.es\/wp\/europa-se-come-el-ultimo-pescado-del-ano\/#primaryimage"},"thumbnailUrl":"http:\/\/turcon.es\/wp\/wp-content\/uploads\/2012\/07\/pescado.jpg","articleSection":["Administraci\u00f3n p\u00fablica","Agricultura y ganader\u00eda","Consumismo","Contaminaci\u00f3n y t\u00f3xicos","Crisis alimentaria","Oc\u00e9anos","Recursos naturales"],"inLanguage":"es","potentialAction":[{"@type":"CommentAction","name":"Comment","target":["https:\/\/turcon.es\/wp\/europa-se-come-el-ultimo-pescado-del-ano\/#respond"]}]},{"@type":"WebPage","@id":"https:\/\/turcon.es\/wp\/europa-se-come-el-ultimo-pescado-del-ano\/","url":"https:\/\/turcon.es\/wp\/europa-se-come-el-ultimo-pescado-del-ano\/","name":"Europa se come el \u00faltimo pescado del a\u00f1o - Colectivo Ecologista Turcon","isPartOf":{"@id":"https:\/\/turcon.es\/wp\/#website"},"primaryImageOfPage":{"@id":"https:\/\/turcon.es\/wp\/europa-se-come-el-ultimo-pescado-del-ano\/#primaryimage"},"image":{"@id":"https:\/\/turcon.es\/wp\/europa-se-come-el-ultimo-pescado-del-ano\/#primaryimage"},"thumbnailUrl":"http:\/\/turcon.es\/wp\/wp-content\/uploads\/2012\/07\/pescado.jpg","datePublished":"2012-07-15T10:37:27+00:00","breadcrumb":{"@id":"https:\/\/turcon.es\/wp\/europa-se-come-el-ultimo-pescado-del-ano\/#breadcrumb"},"inLanguage":"es","potentialAction":[{"@type":"ReadAction","target":["https:\/\/turcon.es\/wp\/europa-se-come-el-ultimo-pescado-del-ano\/"]}]},{"@type":"ImageObject","inLanguage":"es","@id":"https:\/\/turcon.es\/wp\/europa-se-come-el-ultimo-pescado-del-ano\/#primaryimage","url":"http:\/\/turcon.es\/wp\/wp-content\/uploads\/2012\/07\/pescado.jpg","contentUrl":"http:\/\/turcon.es\/wp\/wp-content\/uploads\/2012\/07\/pescado.jpg"},{"@type":"BreadcrumbList","@id":"https:\/\/turcon.es\/wp\/europa-se-come-el-ultimo-pescado-del-ano\/#breadcrumb","itemListElement":[{"@type":"ListItem","position":1,"name":"Portada","item":"https:\/\/turcon.es\/wp\/"},{"@type":"ListItem","position":2,"name":"Europa se come el \u00faltimo pescado del a\u00f1o"}]},{"@type":"WebSite","@id":"https:\/\/turcon.es\/wp\/#website","url":"https:\/\/turcon.es\/wp\/","name":"Colectivo Ecologista Turcon","description":"","publisher":{"@id":"https:\/\/turcon.es\/wp\/#organization"},"potentialAction":[{"@type":"SearchAction","target":{"@type":"EntryPoint","urlTemplate":"https:\/\/turcon.es\/wp\/?s={search_term_string}"},"query-input":{"@type":"PropertyValueSpecification","valueRequired":true,"valueName":"search_term_string"}}],"inLanguage":"es"},{"@type":"Organization","@id":"https:\/\/turcon.es\/wp\/#organization","name":"Colectivo Ecologista Turcon","url":"https:\/\/turcon.es\/wp\/","logo":{"@type":"ImageObject","inLanguage":"es","@id":"https:\/\/turcon.es\/wp\/#\/schema\/logo\/image\/","url":"https:\/\/turcon.es\/wp\/wp-content\/uploads\/2025\/03\/logo-verde.svg","contentUrl":"https:\/\/turcon.es\/wp\/wp-content\/uploads\/2025\/03\/logo-verde.svg","width":813,"height":813,"caption":"Colectivo Ecologista Turcon"},"image":{"@id":"https:\/\/turcon.es\/wp\/#\/schema\/logo\/image\/"}},{"@type":"Person","@id":"https:\/\/turcon.es\/wp\/#\/schema\/person\/a1f3ba727ce031d9da17684affe85edd","name":"Laura Fernandez","image":{"@type":"ImageObject","inLanguage":"es","@id":"https:\/\/turcon.es\/wp\/#\/schema\/person\/image\/","url":"https:\/\/secure.gravatar.com\/avatar\/360749af9549af22e54582d50231ae56e854210ae2368797ba242f445a9852e8?s=96&d=mm&r=g","contentUrl":"https:\/\/secure.gravatar.com\/avatar\/360749af9549af22e54582d50231ae56e854210ae2368797ba242f445a9852e8?s=96&d=mm&r=g","caption":"Laura Fernandez"},"url":"https:\/\/turcon.es\/wp\/author\/admturcon\/"}]}},"_links":{"self":[{"href":"https:\/\/turcon.es\/wp\/wp-json\/wp\/v2\/posts\/8696","targetHints":{"allow":["GET"]}}],"collection":[{"href":"https:\/\/turcon.es\/wp\/wp-json\/wp\/v2\/posts"}],"about":[{"href":"https:\/\/turcon.es\/wp\/wp-json\/wp\/v2\/types\/post"}],"author":[{"embeddable":true,"href":"https:\/\/turcon.es\/wp\/wp-json\/wp\/v2\/users\/2"}],"replies":[{"embeddable":true,"href":"https:\/\/turcon.es\/wp\/wp-json\/wp\/v2\/comments?post=8696"}],"version-history":[{"count":0,"href":"https:\/\/turcon.es\/wp\/wp-json\/wp\/v2\/posts\/8696\/revisions"}],"wp:attachment":[{"href":"https:\/\/turcon.es\/wp\/wp-json\/wp\/v2\/media?parent=8696"}],"wp:term":[{"taxonomy":"category","embeddable":true,"href":"https:\/\/turcon.es\/wp\/wp-json\/wp\/v2\/categories?post=8696"},{"taxonomy":"post_tag","embeddable":true,"href":"https:\/\/turcon.es\/wp\/wp-json\/wp\/v2\/tags?post=8696"}],"curies":[{"name":"wp","href":"https:\/\/api.w.org\/{rel}","templated":true}]}}