{"id":8857,"date":"2012-08-15T18:58:19","date_gmt":"2012-08-15T18:58:19","guid":{"rendered":"http:\/\/turcon.wordpress.com\/?p=8857"},"modified":"2012-08-15T18:58:19","modified_gmt":"2012-08-15T18:58:19","slug":"espana-se-quema-entre-recortes","status":"publish","type":"post","link":"https:\/\/turcon.es\/wp\/espana-se-quema-entre-recortes\/","title":{"rendered":"Espa\u00f1a se quema entre recortes"},"content":{"rendered":"<h3 style=\"text-align:justify;\"><span style=\"color:#0000ff;\">EL PEOR A\u00d1O DE INCENDIOS COINCIDE CON EL DE MENOS EFECTIVOS CONTRA EL\u00a0 FUEGO<\/span><\/h3>\n<p style=\"text-align:justify;\">Fuente:\u00a0 <a href=\"http:\/\/www.elpais.com\">El Pa\u00eds<\/a>\u00a0 &#8211;\u00a0 Recopilatorio de noticias<\/p>\n<p style=\"text-align:justify;\"><a href=\"http:\/\/turcon.es\/wp\/wp-content\/uploads\/2012\/08\/la-gomera.jpg\"><img decoding=\"async\" class=\"alignleft  wp-image-8858\" title=\"la gomera\" src=\"http:\/\/turcon.es\/wp\/wp-content\/uploads\/2012\/08\/la-gomera.jpg?w=300\" alt=\"\" width=\"237\" height=\"158\" srcset=\"https:\/\/turcon.es\/wp\/wp-content\/uploads\/2012\/08\/la-gomera.jpg 815w, https:\/\/turcon.es\/wp\/wp-content\/uploads\/2012\/08\/la-gomera-300x200.jpg 300w, https:\/\/turcon.es\/wp\/wp-content\/uploads\/2012\/08\/la-gomera-768x513.jpg 768w\" sizes=\"(max-width: 237px) 100vw, 237px\" \/><\/a>El peor verano del \u00faltimo decenio, con m\u00e1s de 132.000 hect\u00e1reas de superficie forestal calcinadas, m\u00e1s del triple que en el mismo periodo de 2011, coincide con un a\u00f1o de calor extremo y de fort\u00edsimos recortes en los servicios p\u00fablicos que han dejado la extinci\u00f3n de incendios con menos efectivos y con presupuestos mermados.<\/p>\n<p style=\"text-align:justify;\">El fuego devora incansablemente este verano los bosques espa\u00f1oles con tres aliados: la sequ\u00eda, las altas temperaturas y los recortes. Los incendios han arrasado un total de 132.299 hect\u00e1reas de superficie forestal en lo que va de a\u00f1o, m\u00e1s del triple que en el mismo periodo de 2011, cuando hab\u00edan ardido 39.573 hect\u00e1reas.<\/p>\n<p style=\"text-align:justify;\">Las tres comunidades m\u00e1s castigadas por el fuego, Catalu\u00f1a, Comunidad Valenciana y Canarias, luchan contra las llamas con cientos de efectivos menos.<\/p>\n<h4 style=\"text-align:justify;\"><span style=\"color:#0000ff;\">15 ago 2012 El Pa\u00eds A. CASTEDO \/ R. BIOT \/ S. NAVARRO<\/span><\/h4>\n<h4 style=\"text-align:justify;\"><span style=\"color:#0000ff;\">EL FUEGO AVANZA PERO NO LOS MEDIOS<\/span><\/h4>\n<h4 style=\"text-align:justify;\"><span style=\"color:#0000ff;\">EL PEOR VERANO DE LA \u00daLTIMA D\u00c9CADA SE AFRONTA CON MENOS EFECTIVOS Y MENOS PRESUPUESTO CATALU\u00f1A DISPONE DE UN TERCIO DEL PERSONAL DE HACE DOS A\u00f1OS<\/span><\/h4>\n<div><!--more-->El fuego devora incansablemente este verano los bosques espa\u00f1oles con tres aliados: la sequ\u00eda, las altas temperaturas y los recortes. Los incendios han arrasado un total de 132.299 hect\u00e1reas de superficie forestal en lo que va de a\u00f1o, m\u00e1s del triple que en el mismo periodo de 2011, cuando hab\u00edan ardido 39.573 hect\u00e1reas, seg\u00fan los \u00faltimos datos del Ministerio de Agricultura, Alimentaci\u00f3n y Medio Ambiente a fecha del 5 de agosto. Es el peor verano de la \u00faltima d\u00e9cada, y se afronta con unos efectivos y presupuestos mermados por la crisis. Baste un ejemplo vivido en el incendio de La Jonquera. Los recortes en el presupuesto destinado al vestuario de los bomberos &#8211;de tres millonesd de 2010 a los 143.000 euros este a\u00f1o&#8211; afectaron al trabajo: \u00abHab\u00eda<\/div>\n<div>gente que no se pod\u00eda incorporar a las labores de extinci\u00f3n porque no<\/div>\n<div>ten\u00eda guantes ni botas\u00bb, denuncia Antonio del R\u00edo, delegado de UGT en el<\/div>\n<div>cuerpo de bomberos catalanes. Las tres comunidades m\u00e1s castigadas por<\/div>\n<div>el fuego, Catalu\u00f1a, Comunidad Valenciana y Canarias, luchan contra las<\/div>\n<div>llamas con cientos de efectivos menos.<\/div>\n<div><\/div>\n<div>\u00bb CATALU\u00f1A. Los recursos humanos previstos para esta campa\u00f1a son un tercio de los consignados hace dos a\u00f1os, seg\u00fan critican los bomberos.<\/div>\n<div>Si en 2010 la Generalitat destin\u00f3 7,8 millones de euros a contratar personal para la lucha contra los incendios, este verano la cifra se reduce a 2,8 millones. Adem\u00e1s, aunque el Gobierno catal\u00e1n ha intentado mirar hacia otro lado insistiendo en que las colillas mal apagadas son la \u00fanica causa de los incendios, los presupuestos confirman la importante reducci\u00f3n de medios para luchar contra el fuego que se ha producido en los \u00faltimos a\u00f1os: si en 2010 se destinaron 30 millones de euros para la campa\u00f1a de verano, en 2011 la partida se redujo a 22,8 y en 2012 se ha quedado en 24 millones. Solo en el incendio de La Jonquera, el pasado 22 de julio, se quemaron 13.000 hect\u00e1reas de la comarca del Alt Empord\u00e0.<\/div>\n<div><\/div>\n<div>\u00bb COMUNIDAD VALENCIANA. Enrique Sanz, jefe de unidad de una brigada<\/div>\n<div>forestal de Ontinyent (Valencia), asegura que los recortes del Gobierno<\/div>\n<div>valenciano en la partida de la lucha contra incendios tienen un doble<\/div>\n<div>efecto: \u00abPerdemos seguridad y eficacia\u00bb. Sanz se\u00f1ala que en el<\/div>\n<div>conjunto<\/div>\n<div>de la comarca de La Vall de Albaida este a\u00f1o se han reducido el 80% de<\/div>\n<div>las brigadas. Brigadistas de otros puntos del territorio valenciano<\/div>\n<div>coinciden en el an\u00e1lisis. Dionisio Montesinos, conductor de cami\u00f3n de<\/div>\n<div>la brigada de Sant Mateu (Castell\u00f3n) resume as\u00ed el efecto de los<\/div>\n<div>recortes: \u00abTrabajamos m\u00e1s, cobramos menos y asumimos m\u00e1s riesgos\u00bb.<\/div>\n<div>Montesinos hace hincapi\u00e9 en la reducci\u00f3n de los efectivos de refuerzo<\/div>\n<div>de verano, \u00abun 80% en el conjunto de la Comunidad Valenciana de este<\/div>\n<div>verano respecto al anterior\u00bb. Adem\u00e1s de la merma de personal,<\/div>\n<div>Montesinos destaca \u00abla falta de material, b\u00e1sico para nuestro trabajo,<\/div>\n<div>como los equipos de respiraci\u00f3n aut\u00f3noma, de los que disponen solo<\/div>\n<div>algunos de brigadistas que est\u00e1n a pie de fuego\u00bb.<\/div>\n<div><\/div>\n<div>\u00a0\u00a0Expertos, ecologistas, sindicatos y oposici\u00f3n coinciden en se\u00f1alar a<\/div>\n<div>los recortes en la Comunidad Valenciana. La autonom\u00eda ha rebajado su<\/div>\n<div>presupuesto para luchar contra los incendios forestales de 110 millones<\/div>\n<div>a 95 millones. El total de personal ocupado en este menester ha bajado<\/div>\n<div>en 200 efectivos hasta situarse en 11.500. En estos datos la<\/div>\n<div>Generalitat<\/div>\n<div>incluye desde bomberos municipales a polic\u00edas, t\u00e9cnicos e incluso<\/div>\n<div>voluntarios. Para la Comunidad Valenciana este verano es el peor desde<\/div>\n<div>1994, con 51.000 hect\u00e1reas quemadas.<\/div>\n<div><\/div>\n<div>\u00bb CANARIAS. Una superficie del 11% de La Gomera &#8211;4.180 hect\u00e1reas,<\/div>\n<div>seg\u00fan fuentes del Gobierno canario&#8211; ya ha sido pasto de las llamas en<\/div>\n<div>el verano de 2012. Pero el presupuesto para la lucha contra este tipo<\/div>\n<div>de<\/div>\n<div>emergencias ha disminuido. Fuentes del Cabildo de la isla indican que<\/div>\n<div>este a\u00f1o es de 750.000 euros, 150.000 menos que en 2011 porque el<\/div>\n<div>Gobierno auton\u00f3mico ha suprimido su aportaci\u00f3n.<\/div>\n<div><\/div>\n<div>ERE Y RECORTES<\/div>\n<div><\/div>\n<div>\u00a0\u00a0CASTILLA-LA MANCHA. La empresa p\u00fablica de Gesti\u00f3n Ambiental<\/div>\n<div>(Geacam),<\/div>\n<div>que se encarga de la prevenci\u00f3n y extinci\u00f3n de incendios en la<\/div>\n<div>comunidad, anunci\u00f3 ayer un ERE. A falta de que se concrete, o bien se<\/div>\n<div>reducir\u00e1 la jornada de 12 a 8 meses para todo el operativo de<\/div>\n<div>incendios<\/div>\n<div>o se despedir\u00e1 a 680 de los casi 2.000 trabajadores de la empresa.<\/div>\n<div><\/div>\n<div>\u00a0\u00a0CASTILLA Y LE\u00f3N. El PSOE denuncia que existe una reducci\u00f3n del 46,5%<\/div>\n<div>en el presupuesto de lucha contra el fuego: se ha pasado de 12,9<\/div>\n<div>millones de euros a 6,9 millones. La Junta afirma que no es posible dar<\/div>\n<div>cifras.<\/div>\n<div><\/div>\n<div>\u00a0\u00a0GALICIA. La Xunta ha retrasado en 2012 la puesta en marcha del<\/div>\n<div>operativo completo. La Administraci\u00f3n ha reducido en 363 los 6.056<\/div>\n<div>empleados que hab\u00eda en 2011. Los brigadistas tendr\u00e1n menos d\u00edas<\/div>\n<div>libres.<\/div>\n<h4><span style=\"color:#0000ff;\">15 ago 2012 El Pa\u00eds RAFAEL M\u00c9NDEZ<\/span><\/h4>\n<h4><span style=\"color:#0000ff;\">PARQUES NACIONALES REDUJO EN JUNIO UN 20% EL PRESUPUESTO CONTRA INCENDIOS<\/span><\/h4>\n<h4><span style=\"color:#0000ff;\">MEDIO AMBIENTE ALEGA QUE LA GRAN INVERSI\u00f3N ENTRE 2009 Y 2011 PERMITE EL RECORTE<\/span><\/h4>\n<div><\/div>\n<div>\u00a0\u00a0El 15 de junio pasado, cuando ya se conoc\u00eda que Espa\u00f1a hab\u00eda tenido<\/div>\n<div>un invierno muy seco y que el riesgo de incendios en verano era alto,<\/div>\n<div>el<\/div>\n<div>Consejo de Ministros redujo un 20% la partida destinada a la<\/div>\n<div>prevenci\u00f3n<\/div>\n<div>y extinci\u00f3n de incendios en los parques nacionales que hab\u00eda aprobado<\/div>\n<div>solo tres meses antes el Ministerio de Medio Ambiente. Estos espacios,<\/div>\n<div>la joya de la corona de la naturaleza del pa\u00eds, han sufrido su peor<\/div>\n<div>a\u00f1o en d\u00e9cadas, con incendios en Garajonay, Caba\u00f1eros, Teide y uno a<\/div>\n<div>punto de entrar en Do\u00f1ana. Adem\u00e1s, ha ardido una finca del Organismo<\/div>\n<div>Aut\u00f3nomo Parques Nacionales en Tenerife. Medio Ambiente alega que la<\/div>\n<div>competencia de extinci\u00f3n es auton\u00f3mica y que ha reducido el periodo<\/div>\n<div>de<\/div>\n<div>trabajo por la gran inversi\u00f3n de prevenci\u00f3n realizada entre 2009 y<\/div>\n<div>2011.<\/div>\n<div><\/div>\n<div>\u00a0\u00a0Por una sentencia del Constitucional de 2004, la gesti\u00f3n de los 14<\/div>\n<div>parques nacionales es auton\u00f3mica, aunque Medio Ambiente es responsable<\/div>\n<div>de la coordinaci\u00f3n y a\u00fan no ha transferido los de Caba\u00f1eros (entre<\/div>\n<div>Ciudad Real y Toledo) y Las Tablas de Daimiel (Ciudad Real). El pasado<\/div>\n<div>23 de marzo, Medio Ambiente anunci\u00f3 la encomienda de gesti\u00f3n con la<\/div>\n<div>empresa p\u00fablica Tragsa para \u00abla prevenci\u00f3n y extinci\u00f3n de incendios<\/div>\n<div>forestales en parques nacionales\u00bb. Entre abril de 2012 y abril de 2016,<\/div>\n<div>aportar\u00eda 18.977.137 euros para \u00abla extinci\u00f3n de los incendios<\/div>\n<div>forestales que se produzcan en los parques nacionales que no han sido<\/div>\n<div>a\u00fan transferidos a las comunidades aut\u00f3nomas y colaborar\u00e1 con las<\/div>\n<div>mismas para sofocar este tipo de siniestros\u00bb. Tambi\u00e9n servir\u00eda para<\/div>\n<div>las fincas del organismo, algunas de gran valor ecol\u00f3gico.<\/div>\n<div><\/div>\n<div>\u00a0\u00a0Pero menos de tres meses despu\u00e9s, el 15 de junio, el Consejo de<\/div>\n<div>Ministros acord\u00f3 \u00abun decremento de 3.794.524 euros\u00bb en la partida. Eso<\/div>\n<div>supone una rebaja del 20%, y \u00abmenos mano de obra y menos jornadas de<\/div>\n<div>trabajo\u00bb, seg\u00fan fuentes pr\u00f3ximas a Parques Nacionales. El organismo<\/div>\n<div>sufre una asfixia financiera, ya que la transferencia del ministerio a<\/div>\n<div>Parques baj\u00f3 de 90 millones en 2011 a 38 en 2012.<\/div>\n<div><\/div>\n<div>\u00a0\u00a0Poco despu\u00e9s del recorte, comenz\u00f3 el peor verano en incendios en<\/div>\n<div>estos espacios. No es solo el del parque de Garajonay (La Gomera). A<\/div>\n<div>mitad de julio un incendio entr\u00f3 en el del Teide (Tenerife) y arras\u00f3<\/div>\n<div>las 1.572 hect\u00e1reas de la finca de Iserse, adquirida por el Gobierno<\/div>\n<div>en<\/div>\n<div>1991 y adyacente al parque nacional. El s\u00e1bado pasado, un incendio<\/div>\n<div>intencionado en el coraz\u00f3n de Caba\u00f1eros quem\u00f3 unas 300 hect\u00e1reas.<\/div>\n<div>En<\/div>\n<div>Do\u00f1ana (Huelva), otro fuego estuvo cerca del parque.<\/div>\n<div><\/div>\n<div>\u00a0\u00a0El ministerio defendi\u00f3 el recorte. En un correo electr\u00f3nico, el<\/div>\n<div>departamento que dirige Miguel Arias Ca\u00f1ete se\u00f1al\u00f3 anoche: \u00abLa<\/div>\n<div>cobertura de incendios forestales en todos los centros y parques<\/div>\n<div>nacionales, transferidos o no, corresponde \u00edntegramente a las<\/div>\n<div>comunidades\u00bb. A\u00f1adi\u00f3 que el Gobierno solo mantiene un operativo para<\/div>\n<div>conatos, pero que no puede con un gran incendio.<\/div>\n<div><\/div>\n<div>\u00a0\u00a0El ministerio justific\u00f3 que ha podido \u00abreducir la partida de<\/div>\n<div>prevenci\u00f3n de incendios en parques y fincas mencionados, en unos<\/div>\n<div>950.000 euros al a\u00f1o\u00bb, gracias a \u00abla enorme inversi\u00f3n realizada por<\/div>\n<div>el<\/div>\n<div>organismo, de manera extraordinaria, en el trienio 2009-2011 en<\/div>\n<div>selvicultura y tratamiento preventivo de montes contra incendios, en<\/div>\n<div>dos<\/div>\n<div>de sus parques nacionales y dos de sus fincas (24,4 millones)\u00bb. As\u00ed,<\/div>\n<div>gracias a la herencia recibida ha \u00abreducido en dos meses\u00bb las tareas de<\/div>\n<div>prevenci\u00f3n, aunque matiz\u00f3 que s\u00ed mantiene el operativo de extinci\u00f3n<\/div>\n<div>en temporada alta.<\/div>\n<h4><span style=\"color:#0000ff;\">15 ago 2012 EDITORIAL El Pa\u00eds<\/span><\/h4>\n<h4><span style=\"color:#0000ff;\">FUEGOS DEVASTADORES<\/span><\/h4>\n<h4><span style=\"color:#0000ff;\">LOS INCENDIOS SE COMBATEN CON PREVENCI\u00f3N, MEDIOS ADECUADOS Y CONCIENCIACI\u00f3N CIUDADANA<\/span><\/h4>\n<div>CINCO PERSONAS, tres en Catalu\u00f1a y dos en la Comunidad Valenciana,<\/div>\n<div>han<\/div>\n<div>perdido la vida este verano en incendios forestales; en lo que va de<\/div>\n<div>a\u00f1o el n\u00famero de v\u00edctimas mortales por esa causa se eleva a nueve.<\/div>\n<div>En<\/div>\n<div>el mismo periodo se ha quemado en Espa\u00f1a una superficie tres veces<\/div>\n<div>superior a la del a\u00f1o pasado. Las m\u00e1s de 130.000 hect\u00e1reas<\/div>\n<div>calcinadas<\/div>\n<div>suponen el m\u00e1ximo registrado en los \u00faltimos 10 a\u00f1os, y coinciden con<\/div>\n<div>los ajustes realizados por los Gobiernos aut\u00f3nomos, tambi\u00e9n en el<\/div>\n<div>cap\u00edtulo de prevenci\u00f3n de incendios. De cinco grandes siniestros<\/div>\n<div>producidos en 2011 se ha pasado a 22 en esta temporada. El de La<\/div>\n<div>Gomera,<\/div>\n<div>en Canarias, ha obligado a evacuar a m\u00e1s de 5.000 personas, la cuarta<\/div>\n<div>parte de la poblaci\u00f3n de la isla.<\/div>\n<div><\/div>\n<div>\u00a0\u00a0La combinaci\u00f3n entre las alt\u00edsimas temperaturas registradas, los<\/div>\n<div>fuertes y cambiantes vientos y la sequedad del terreno por efecto de la<\/div>\n<div>sequ\u00eda son las circunstancias que han favorecido este crecimiento del<\/div>\n<div>n\u00famero de incendios; mejor dicho, su extensi\u00f3n, pues en el 95% de los<\/div>\n<div>casos en el origen de los mismos hay intervenci\u00f3n humana (el resto son<\/div>\n<div>provocados por rayos). Ning\u00fan plan de prevenci\u00f3n podr\u00e1 prescindir de<\/div>\n<div>ese factor. Y ah\u00ed est\u00e1 el ejemplo de los accidentes de carretera, en<\/div>\n<div>retroceso desde hace una d\u00e9cada, para demostrar la importancia de<\/div>\n<div>incidir sobre el factor humano, mediante campa\u00f1as espec\u00edficas de<\/div>\n<div>concienciaci\u00f3n combinadas con sanciones disuasorias de imprudencias y<\/div>\n<div>negligencias (colillas, rastrojos, barbacoas).<\/div>\n<div><\/div>\n<div>\u00a0\u00a0Pero eso no significa olvidar la necesidad de medios adecuados para<\/div>\n<div>combatir el fuego. Mejor que arrojarse las culpas a la cabeza entre<\/div>\n<div>Administraciones ser\u00e1 estudiar una distribuci\u00f3n racional entre medios<\/div>\n<div>fijos de cada comunidad y los dependientes de la Administraci\u00f3n<\/div>\n<div>central. Las razones dadas por Medio Ambiente para explicar el retraso<\/div>\n<div>en la llegada de hidroaviones a Canarias (solo vuelan de d\u00eda, son<\/div>\n<div>lentos, tienen poca autonom\u00eda de vuelo) exigen una mejor distribuci\u00f3n<\/div>\n<div>de los mismos sobre el territorio. Resulta dif\u00edcil de comprender que<\/div>\n<div>un<\/div>\n<div>incendio en Canarias est\u00e9 pendiente de la llegada de un avi\u00f3n desde<\/div>\n<div>Torrej\u00f3n de Ardoz (Madrid).<\/div>\n<div><\/div>\n<div>\u00a0\u00a0Y frente a quienes alegan que la crisis justifica una menor inversi\u00f3n<\/div>\n<div>en tareas preventivas (por ejemplo, de protecci\u00f3n de los parques<\/div>\n<div>nacionales), cabe recordar que tales parajes han resultado m\u00e1s<\/div>\n<div>afectados que nunca (Gomera, Caba\u00f1eros, entre otros); y que la<\/div>\n<div>prevenci\u00f3n es menos costosa que reparar el mal producido.<\/div>\n<div><\/div>\n<h4><span style=\"color:#0000ff;\">\u00a015 ago 2012 El Pa\u00eds P. MURILLO \/ T. SANTANA<\/span><\/h4>\n<h4><span style=\"color:#0000ff;\">LOS DISTINTOS GOBIERNOS SE LANZAN REPROCHES POR EL DESASTRE EN LA GOMERA<\/span><\/h4>\n<h4><span style=\"color:#0000ff;\">LOS 1.360 VECINOS DESALOJADOS POR EL INCENDIO YA PUEDEN VOLVER A SUS CASAS<\/span><\/h4>\n<div>Rivero: \u00abCanarias lleva pidiendo una base de hidroaviones desde 2007\u00bb<\/div>\n<div><\/div>\n<div>\u00a0\u00a0Los 1.360 vecinos desalojados en La Gomera debido al incendio forestal<\/div>\n<div>declarado hace ya 11 d\u00edas pueden volver a sus casas a partir de las<\/div>\n<div>nueve de esta ma\u00f1ana. El 11% de la superficie de la isla, m\u00e1s de<\/div>\n<div>4.000<\/div>\n<div>hect\u00e1reas, se ha visto afectada por las llamas, que contin\u00faan sin<\/div>\n<div>control entre un cruce de acusaciones de las distintas<\/div>\n<div>Administraciones,<\/div>\n<div>que se culpan unas a otras del desastre.<\/div>\n<div><\/div>\n<div>\u00a0\u00a0El cambio en las condiciones meteorol\u00f3gicas, con una bajada de<\/div>\n<div>temperaturas y el viento soplando en contra de la direcci\u00f3n en la que<\/div>\n<div>avanza el fuego, no es suficiente para esperar un completo control de<\/div>\n<div>la<\/div>\n<div>situaci\u00f3n en los pr\u00f3ximos d\u00edas.<\/div>\n<div><\/div>\n<div>\u00a0\u00a0Durante la jornada de ayer, un solo frente, al norte, permanec\u00eda<\/div>\n<div>activo. Siete hidroaviones, cinco procedentes del Ministerio de Medio<\/div>\n<div>Ambiente y dos cedidos por el Gobierno de Marruecos, actuaron en la<\/div>\n<div>isla. Estas aeronaves han sido el centro de la lucha pol\u00edtica que se<\/div>\n<div>ha<\/div>\n<div>declarado en el archipi\u00e9lago desde que se originaron las llamas. El<\/div>\n<div>viernes pasado, cuando se reactiv\u00f3 el incendio, dos aviones anfibios<\/div>\n<div>salieron de la base de Torrej\u00f3n (Madrid) y, tras parar en Rota<\/div>\n<div>(C\u00e1diz), tardaron 22 horas en llegar a La Gomera. Lo mismo sucedi\u00f3 el<\/div>\n<div>pasado lunes con otro aparato adicional.<\/div>\n<div><\/div>\n<div>\u00a0\u00a0Desde entonces, el caos en la extinci\u00f3n del incendio se ha trasladado<\/div>\n<div>tambi\u00e9n a la pol\u00edtica. Miguel Arias Ca\u00f1ete, ministro de Medio<\/div>\n<div>Ambiente, se descolg\u00f3 ayer asegurando que hab\u00eda hecho una ronda con<\/div>\n<div>todas las comunidades aut\u00f3nomas para preparar la campa\u00f1a contra los<\/div>\n<div>incendios y Canarias no hab\u00eda solicitado nada. Sin embargo, Paulino<\/div>\n<div>Rivero, presidente del Gobierno regional, dijo que \u00abes de sentido<\/div>\n<div>com\u00fan\u00bb que Canarias pida una base permanente de hidroaviones, dado que<\/div>\n<div>est\u00e1 a 2.000 kil\u00f3metros de la Pen\u00ednsula: \u00abLleva haci\u00e9ndolo desde<\/div>\n<div>2007&#8243;.<\/div>\n<div><\/div>\n<div>\u00a0\u00a0Al margen de la guerra declarada entre el Gobierno aut\u00f3nomo y el<\/div>\n<div>estatal, Casimiro Curbelo, presidente del Cabildo de La Gomera, se<\/div>\n<div>mostr\u00f3 indignado porque el ministro de Industria, Jos\u00e9 Manuel Soria,<\/div>\n<div>acudiese a la isla en los primeros d\u00edas del incendio \u00aba hacerse la<\/div>\n<div>foto\u00bb y \u00abno llamara a las autoridades electas\u00bb.<\/div>\n<div><\/div>\n<div>\u00a0\u00a0A esto hay que sumar que el secretario general del Partido Popular en<\/div>\n<div>Canarias, Asier Antona, reprochase a Curbelo su decisi\u00f3n de \u00abbajar el<\/div>\n<div>incendio a nivel uno el pasado mi\u00e9rcoles, cuando se aproximaba una ola<\/div>\n<div>de calor\u00bb. Por su parte, la delegada del Gobierno en el archipi\u00e9lago,<\/div>\n<div>Mar\u00eda del Carmen Hern\u00e1ndez Bento, critic\u00f3 duramente la posici\u00f3n de<\/div>\n<div>las autoridades locales, y asegur\u00f3 que \u00ablos medios no son infinitos y<\/div>\n<div>el Estado tambi\u00e9n tiene un l\u00edmite\u00bb.<\/div>\n<div><\/div>\n<div>\u00a0\u00a0El presidente auton\u00f3mico anunci\u00f3 ayer que este viernes convocar\u00e1 un<\/div>\n<div>Consejo de Gobierno extraordinario para articular medidas urgentes, con<\/div>\n<div>el objetivo de restaurar las 39 viviendas da\u00f1adas en Valle Gran Rey y<\/div>\n<div>ofrecer un paquete de ayudas a los afectados. Por el momento, se<\/div>\n<div>desconoce la cuant\u00eda de las p\u00e9rdidas.<\/div>\n<h4><span style=\"color:#0000ff;\">15 ago 2012 El Pa\u00eds Fernando Prieto<\/span><\/h4>\n<h4><span style=\"color:#0000ff;\">UN EQUILIBRIO ROTO EN TRES GENERACIONES<\/span><\/h4>\n<div>\u00a0\u00a0AN\u00c1LISIS Las dantescas escenas que estamos viviendo &#8211;personas<\/div>\n<div>lanz\u00e1ndose por precipicios en llamas, miles de habitantes desplazados,<\/div>\n<div>fuegos incontrolados de kil\u00f3metros, espacios naturales y nacionales<\/div>\n<div>quemados&#8211; obligan a pensar de d\u00f3nde venimos y hacia d\u00f3nde vamos<\/div>\n<div>respecto al fuego y la gesti\u00f3n de los ecosistemas forestales.<\/div>\n<div><\/div>\n<div>\u00a0\u00a0Los ecosistemas forestales han estado adaptados a una gesti\u00f3n<\/div>\n<div>tradicional y una fuerte presencia de herb\u00edvoros durante cientos de<\/div>\n<div>a\u00f1os. En tan solo tres generaciones este equilibrio se ha roto: se<\/div>\n<div>desmantelaron los pueblos, se dej\u00f3 de recoger la le\u00f1a, de resinar, de<\/div>\n<div>cultivar zonas agr\u00edcolas dentro de forestales, se abandon\u00f3 la<\/div>\n<div>ganader\u00eda extensiva, que controlaba matorral y pastos y, por ello, se<\/div>\n<div>acumul\u00f3 una gran cantidad de biomasa y necromasa inestable. Las<\/div>\n<div>pol\u00edticas de desarrollo rural miraron hacia otro lado. Durante la<\/div>\n<div>dictadura y los primeros a\u00f1os de la democracia se implement\u00f3 una<\/div>\n<div>pol\u00edtica forestal err\u00f3nea basada en repoblaciones masivas de pinos y<\/div>\n<div>eucaliptos, que presentan gran riesgo de arder y que cre\u00f3 vac\u00edos<\/div>\n<div>poblacionales. \u00daltimamente se permitieron viviendas y urbanizaciones<\/div>\n<div>en<\/div>\n<div>los bosques. Finalmente, se declararon docenas de espacios protegidos,<\/div>\n<div>en los que incluso se prohibi\u00f3 la gesti\u00f3n tradicional (que los hab\u00eda<\/div>\n<div>hecho \u00a1protegibles!).<\/div>\n<div><\/div>\n<div>\u00a0\u00a0Con esta hoguera de san Juan preparada, el inicio, da un poco igual.<\/div>\n<div>Puede ser un coche, un rayo o un excursionista cretino. Con los cambios<\/div>\n<div>en el C\u00f3digo Penal, los beneficiarios por la recalificaci\u00f3n de<\/div>\n<div>terrenos o por los precios de la madera han desaparecido.<\/div>\n<div><\/div>\n<div>\u00a0\u00a0Las pol\u00edticas forestales no han tenido en cuenta el fuego. Y cuando<\/div>\n<div>no<\/div>\n<div>se previene, se detecta tarde (hay cientos de torres vig\u00eda vac\u00edas)<\/div>\n<div>solo queda la extinci\u00f3n, que es la cat\u00e1strofe actual. La soluci\u00f3n<\/div>\n<div>para el futuro pasa por la planificaci\u00f3n, sierra a sierra y valle a<\/div>\n<div>valle, considerando la gran diversidad de situaciones, introduciendo<\/div>\n<div>razas aut\u00f3ctonas, creando mosaicos, dehesas, potenciando robles y<\/div>\n<div>especies m\u00e1s resistentes en pinares, aumentado bosques maduros&#8230;<\/div>\n<div>Esto,<\/div>\n<div>adem\u00e1s, crear\u00e1 empleo estable en un sector estrat\u00e9gico.<\/div>\n<div><\/div>\n<div>\u00a0\u00a0El cambio clim\u00e1tico determinar\u00e1 m\u00e1s sequ\u00edas y aumentar\u00e1 la<\/div>\n<div>probabilidad de incendios. Soluciones simplistas o bienintencionadas,<\/div>\n<div>como el aprovechamiento masivo de la biomasa o la limpieza de los<\/div>\n<div>montes<\/div>\n<div>sin tener en cuenta la biodiversidad, no tienen sentido. Desde 1961<\/div>\n<div>hasta 2012 han sido recorridas por el fuego 7,5 millones de hect\u00e1reas<\/div>\n<div>(de un total de 25 millones). En 1978, 1985, 1989, 1994, 2000, 2005, y<\/div>\n<div>ahora 2012 ha habido importantes superficies quemadas, y siempre,<\/div>\n<div>parece<\/div>\n<div>algo impredecible.<\/div>\n<div><\/div>\n<div>\u00a0\u00a0Aqu\u00ed, como con el cambio clim\u00e1tico, es mucho mayor el coste de no<\/div>\n<div>actuar que el de actuar de una manera inteligente.<\/div>\n<div>Fernando Prieto es ec\u00f3logo.<\/div>\n<blockquote>\n<h4><span style=\"color:#0000ff;\"><strong>El editorial del Pa\u00eds: Fuegos devastadores<\/strong><\/span><\/h4>\n<\/blockquote>\n<div id=\"testArtCol_a\" style=\"text-align:justify;\">\n<h4><span style=\"color:#0000ff;\">Los incendios se combaten con prevenci\u00f3n, medios adecuados y concienciaci\u00f3n ciudadana<\/span><\/h4>\n<p>CINCO PERSONAS, tres en Catalu\u00f1a y dos en la Comunidad Valenciana, han perdido la vida este verano en incendios forestales; en lo que va de a\u00f1o el n\u00famero de v\u00edctimas mortales por esa causa se eleva a nueve. En el mismo periodo se ha quemado en Espa\u00f1a una superficie tres veces superior a la del a\u00f1o pasado. Las m\u00e1s de 130.000 hect\u00e1reas calcinadas suponen el m\u00e1ximo registrado en los \u00faltimos 10 a\u00f1os, y coinciden con los ajustes realizados por los Gobiernos aut\u00f3nomos, tambi\u00e9n en el cap\u00edtulo de prevenci\u00f3n de incendios. De cinco grandes siniestros producidos en 2011 se ha pasado a 22 en esta temporada. El de La Gomera, en Canarias, ha obligado a evacuar a m\u00e1s de 5.000 personas, la cuarta parte de la poblaci\u00f3n de la isla.<\/p>\n<p>La combinaci\u00f3n entre las alt\u00edsimas temperaturas registradas, los fuertes y cambiantes vientos y la sequedad del terreno por efecto de la sequ\u00eda son las circunstancias que han favorecido este crecimiento del n\u00famero de incendios; mejor dicho, su extensi\u00f3n, pues en el 95% de los casos en el origen de los mismos hay intervenci\u00f3n humana (el resto son provocados por rayos). Ning\u00fan plan de prevenci\u00f3n podr\u00e1 prescindir de ese factor. Y ah\u00ed est\u00e1 el ejemplo de los accidentes de carretera, en retroceso desde hace una d\u00e9cada, para demostrar la importancia de incidir sobre el factor humano, mediante campa\u00f1as espec\u00edficas de concienciaci\u00f3n combinadas con sanciones disuasorias de imprudencias y negligencias (colillas, rastrojos, barbacoas).<\/p>\n<\/div>\n<p style=\"text-align:justify;\">Pero eso no significa olvidar la necesidad de medios adecuados para combatir el fuego. Mejor que arrojarse las culpas a la cabeza entre Administraciones ser\u00e1 estudiar una distribuci\u00f3n racional entre medios fijos de cada comunidad y los dependientes de la Administraci\u00f3n central. Las razones dadas por Medio Ambiente para explicar el retraso en la llegada de hidroaviones a Canarias (solo vuelan de d\u00eda, son lentos, tienen poca autonom\u00eda de vuelo) exigen una mejor distribuci\u00f3n de los mismos sobre el territorio. Resulta dif\u00edcil de comprender que un incendio en Canarias est\u00e9 pendiente de la llegada de un avi\u00f3n desde Torrej\u00f3n de Ardoz (Madrid).<\/p>\n<p style=\"text-align:justify;\">Y frente a quienes alegan que la crisis justifica una menor inversi\u00f3n en tareas preventivas (por ejemplo, de protecci\u00f3n de los parques nacionales), cabe recordar que tales parajes han resultado m\u00e1s afectados que nunca (Gomera, Caba\u00f1eros, entre otros); y que la prevenci\u00f3n es menos costosa que reparar el mal producido.<\/p>\n","protected":false},"excerpt":{"rendered":"<p>EL PEOR A\u00d1O DE INCENDIOS COINCIDE CON EL DE MENOS EFECTIVOS CONTRA EL\u00a0 FUEGO Fuente:\u00a0 El Pa\u00eds\u00a0 &#8211;\u00a0 Recopilatorio de noticias El peor verano del \u00faltimo decenio, con m\u00e1s de 132.000 hect\u00e1reas de superficie forestal calcinadas, m\u00e1s del triple que en el mismo periodo de 2011, coincide con un a\u00f1o de calor extremo y de [&hellip;]<\/p>\n","protected":false},"author":2,"featured_media":0,"comment_status":"open","ping_status":"open","sticky":false,"template":"","format":"standard","meta":{"footnotes":""},"categories":[18,29,37,55],"tags":[891,1435],"class_list":["post-8857","post","type-post","status-publish","format-standard","hentry","category-canarias","category-desertizacion-y-reforestacion","category-espacios-naturales","category-recursos-naturales","tag-incendios","tag-recortes"],"yoast_head":"<!-- This site is optimized with the Yoast SEO plugin v26.3 - https:\/\/yoast.com\/wordpress\/plugins\/seo\/ -->\n<title>Espa\u00f1a se quema entre recortes - Colectivo Ecologista Turcon<\/title>\n<meta name=\"robots\" content=\"index, follow, max-snippet:-1, max-image-preview:large, max-video-preview:-1\" \/>\n<link rel=\"canonical\" href=\"https:\/\/turcon.es\/wp\/espana-se-quema-entre-recortes\/\" \/>\n<meta property=\"og:locale\" content=\"es_ES\" \/>\n<meta property=\"og:type\" content=\"article\" \/>\n<meta property=\"og:title\" content=\"Espa\u00f1a se quema entre recortes - Colectivo Ecologista Turcon\" \/>\n<meta property=\"og:description\" content=\"EL PEOR A\u00d1O DE INCENDIOS COINCIDE CON EL DE MENOS EFECTIVOS CONTRA EL\u00a0 FUEGO Fuente:\u00a0 El Pa\u00eds\u00a0 &#8211;\u00a0 Recopilatorio de noticias El peor verano del \u00faltimo decenio, con m\u00e1s de 132.000 hect\u00e1reas de superficie forestal calcinadas, m\u00e1s del triple que en el mismo periodo de 2011, coincide con un a\u00f1o de calor extremo y de [&hellip;]\" \/>\n<meta property=\"og:url\" content=\"https:\/\/turcon.es\/wp\/espana-se-quema-entre-recortes\/\" \/>\n<meta property=\"og:site_name\" content=\"Colectivo Ecologista Turcon\" \/>\n<meta property=\"article:published_time\" content=\"2012-08-15T18:58:19+00:00\" \/>\n<meta property=\"og:image\" content=\"https:\/\/turcon.es\/wp\/wp-content\/uploads\/2012\/08\/la-gomera.jpg\" \/>\n\t<meta property=\"og:image:width\" content=\"815\" \/>\n\t<meta property=\"og:image:height\" content=\"544\" \/>\n\t<meta property=\"og:image:type\" content=\"image\/jpeg\" \/>\n<meta name=\"author\" content=\"Laura Fernandez\" \/>\n<meta name=\"twitter:card\" content=\"summary_large_image\" \/>\n<meta name=\"twitter:label1\" content=\"Escrito por\" \/>\n\t<meta name=\"twitter:data1\" content=\"Laura Fernandez\" \/>\n\t<meta name=\"twitter:label2\" content=\"Tiempo de lectura\" \/>\n\t<meta name=\"twitter:data2\" content=\"18 minutos\" \/>\n<script type=\"application\/ld+json\" class=\"yoast-schema-graph\">{\"@context\":\"https:\/\/schema.org\",\"@graph\":[{\"@type\":\"Article\",\"@id\":\"https:\/\/turcon.es\/wp\/espana-se-quema-entre-recortes\/#article\",\"isPartOf\":{\"@id\":\"https:\/\/turcon.es\/wp\/espana-se-quema-entre-recortes\/\"},\"author\":{\"name\":\"Laura Fernandez\",\"@id\":\"https:\/\/turcon.es\/wp\/#\/schema\/person\/a1f3ba727ce031d9da17684affe85edd\"},\"headline\":\"Espa\u00f1a se quema entre recortes\",\"datePublished\":\"2012-08-15T18:58:19+00:00\",\"mainEntityOfPage\":{\"@id\":\"https:\/\/turcon.es\/wp\/espana-se-quema-entre-recortes\/\"},\"wordCount\":3531,\"commentCount\":0,\"publisher\":{\"@id\":\"https:\/\/turcon.es\/wp\/#organization\"},\"image\":{\"@id\":\"https:\/\/turcon.es\/wp\/espana-se-quema-entre-recortes\/#primaryimage\"},\"thumbnailUrl\":\"http:\/\/turcon.es\/wp\/wp-content\/uploads\/2012\/08\/la-gomera.jpg?w=300\",\"keywords\":[\"Incendios\",\"Recortes\"],\"articleSection\":[\"Canarias\",\"Desertizaci\u00f3n y reforestaci\u00f3n\",\"Espacios Naturales\",\"Recursos naturales\"],\"inLanguage\":\"es\",\"potentialAction\":[{\"@type\":\"CommentAction\",\"name\":\"Comment\",\"target\":[\"https:\/\/turcon.es\/wp\/espana-se-quema-entre-recortes\/#respond\"]}]},{\"@type\":\"WebPage\",\"@id\":\"https:\/\/turcon.es\/wp\/espana-se-quema-entre-recortes\/\",\"url\":\"https:\/\/turcon.es\/wp\/espana-se-quema-entre-recortes\/\",\"name\":\"Espa\u00f1a se quema entre recortes - Colectivo Ecologista Turcon\",\"isPartOf\":{\"@id\":\"https:\/\/turcon.es\/wp\/#website\"},\"primaryImageOfPage\":{\"@id\":\"https:\/\/turcon.es\/wp\/espana-se-quema-entre-recortes\/#primaryimage\"},\"image\":{\"@id\":\"https:\/\/turcon.es\/wp\/espana-se-quema-entre-recortes\/#primaryimage\"},\"thumbnailUrl\":\"http:\/\/turcon.es\/wp\/wp-content\/uploads\/2012\/08\/la-gomera.jpg?w=300\",\"datePublished\":\"2012-08-15T18:58:19+00:00\",\"breadcrumb\":{\"@id\":\"https:\/\/turcon.es\/wp\/espana-se-quema-entre-recortes\/#breadcrumb\"},\"inLanguage\":\"es\",\"potentialAction\":[{\"@type\":\"ReadAction\",\"target\":[\"https:\/\/turcon.es\/wp\/espana-se-quema-entre-recortes\/\"]}]},{\"@type\":\"ImageObject\",\"inLanguage\":\"es\",\"@id\":\"https:\/\/turcon.es\/wp\/espana-se-quema-entre-recortes\/#primaryimage\",\"url\":\"http:\/\/turcon.es\/wp\/wp-content\/uploads\/2012\/08\/la-gomera.jpg?w=300\",\"contentUrl\":\"http:\/\/turcon.es\/wp\/wp-content\/uploads\/2012\/08\/la-gomera.jpg?w=300\"},{\"@type\":\"BreadcrumbList\",\"@id\":\"https:\/\/turcon.es\/wp\/espana-se-quema-entre-recortes\/#breadcrumb\",\"itemListElement\":[{\"@type\":\"ListItem\",\"position\":1,\"name\":\"Portada\",\"item\":\"https:\/\/turcon.es\/wp\/\"},{\"@type\":\"ListItem\",\"position\":2,\"name\":\"Espa\u00f1a se quema entre recortes\"}]},{\"@type\":\"WebSite\",\"@id\":\"https:\/\/turcon.es\/wp\/#website\",\"url\":\"https:\/\/turcon.es\/wp\/\",\"name\":\"Colectivo Ecologista Turcon\",\"description\":\"\",\"publisher\":{\"@id\":\"https:\/\/turcon.es\/wp\/#organization\"},\"potentialAction\":[{\"@type\":\"SearchAction\",\"target\":{\"@type\":\"EntryPoint\",\"urlTemplate\":\"https:\/\/turcon.es\/wp\/?s={search_term_string}\"},\"query-input\":{\"@type\":\"PropertyValueSpecification\",\"valueRequired\":true,\"valueName\":\"search_term_string\"}}],\"inLanguage\":\"es\"},{\"@type\":\"Organization\",\"@id\":\"https:\/\/turcon.es\/wp\/#organization\",\"name\":\"Colectivo Ecologista Turcon\",\"url\":\"https:\/\/turcon.es\/wp\/\",\"logo\":{\"@type\":\"ImageObject\",\"inLanguage\":\"es\",\"@id\":\"https:\/\/turcon.es\/wp\/#\/schema\/logo\/image\/\",\"url\":\"https:\/\/turcon.es\/wp\/wp-content\/uploads\/2025\/03\/logo-verde.svg\",\"contentUrl\":\"https:\/\/turcon.es\/wp\/wp-content\/uploads\/2025\/03\/logo-verde.svg\",\"width\":813,\"height\":813,\"caption\":\"Colectivo Ecologista Turcon\"},\"image\":{\"@id\":\"https:\/\/turcon.es\/wp\/#\/schema\/logo\/image\/\"}},{\"@type\":\"Person\",\"@id\":\"https:\/\/turcon.es\/wp\/#\/schema\/person\/a1f3ba727ce031d9da17684affe85edd\",\"name\":\"Laura Fernandez\",\"image\":{\"@type\":\"ImageObject\",\"inLanguage\":\"es\",\"@id\":\"https:\/\/turcon.es\/wp\/#\/schema\/person\/image\/\",\"url\":\"https:\/\/secure.gravatar.com\/avatar\/360749af9549af22e54582d50231ae56e854210ae2368797ba242f445a9852e8?s=96&d=mm&r=g\",\"contentUrl\":\"https:\/\/secure.gravatar.com\/avatar\/360749af9549af22e54582d50231ae56e854210ae2368797ba242f445a9852e8?s=96&d=mm&r=g\",\"caption\":\"Laura Fernandez\"},\"url\":\"https:\/\/turcon.es\/wp\/author\/admturcon\/\"}]}<\/script>\n<!-- \/ Yoast SEO plugin. -->","yoast_head_json":{"title":"Espa\u00f1a se quema entre recortes - Colectivo Ecologista Turcon","robots":{"index":"index","follow":"follow","max-snippet":"max-snippet:-1","max-image-preview":"max-image-preview:large","max-video-preview":"max-video-preview:-1"},"canonical":"https:\/\/turcon.es\/wp\/espana-se-quema-entre-recortes\/","og_locale":"es_ES","og_type":"article","og_title":"Espa\u00f1a se quema entre recortes - Colectivo Ecologista Turcon","og_description":"EL PEOR A\u00d1O DE INCENDIOS COINCIDE CON EL DE MENOS EFECTIVOS CONTRA EL\u00a0 FUEGO Fuente:\u00a0 El Pa\u00eds\u00a0 &#8211;\u00a0 Recopilatorio de noticias El peor verano del \u00faltimo decenio, con m\u00e1s de 132.000 hect\u00e1reas de superficie forestal calcinadas, m\u00e1s del triple que en el mismo periodo de 2011, coincide con un a\u00f1o de calor extremo y de [&hellip;]","og_url":"https:\/\/turcon.es\/wp\/espana-se-quema-entre-recortes\/","og_site_name":"Colectivo Ecologista Turcon","article_published_time":"2012-08-15T18:58:19+00:00","og_image":[{"width":815,"height":544,"url":"https:\/\/turcon.es\/wp\/wp-content\/uploads\/2012\/08\/la-gomera.jpg","type":"image\/jpeg"}],"author":"Laura Fernandez","twitter_card":"summary_large_image","twitter_misc":{"Escrito por":"Laura Fernandez","Tiempo de lectura":"18 minutos"},"schema":{"@context":"https:\/\/schema.org","@graph":[{"@type":"Article","@id":"https:\/\/turcon.es\/wp\/espana-se-quema-entre-recortes\/#article","isPartOf":{"@id":"https:\/\/turcon.es\/wp\/espana-se-quema-entre-recortes\/"},"author":{"name":"Laura Fernandez","@id":"https:\/\/turcon.es\/wp\/#\/schema\/person\/a1f3ba727ce031d9da17684affe85edd"},"headline":"Espa\u00f1a se quema entre recortes","datePublished":"2012-08-15T18:58:19+00:00","mainEntityOfPage":{"@id":"https:\/\/turcon.es\/wp\/espana-se-quema-entre-recortes\/"},"wordCount":3531,"commentCount":0,"publisher":{"@id":"https:\/\/turcon.es\/wp\/#organization"},"image":{"@id":"https:\/\/turcon.es\/wp\/espana-se-quema-entre-recortes\/#primaryimage"},"thumbnailUrl":"http:\/\/turcon.es\/wp\/wp-content\/uploads\/2012\/08\/la-gomera.jpg?w=300","keywords":["Incendios","Recortes"],"articleSection":["Canarias","Desertizaci\u00f3n y reforestaci\u00f3n","Espacios Naturales","Recursos naturales"],"inLanguage":"es","potentialAction":[{"@type":"CommentAction","name":"Comment","target":["https:\/\/turcon.es\/wp\/espana-se-quema-entre-recortes\/#respond"]}]},{"@type":"WebPage","@id":"https:\/\/turcon.es\/wp\/espana-se-quema-entre-recortes\/","url":"https:\/\/turcon.es\/wp\/espana-se-quema-entre-recortes\/","name":"Espa\u00f1a se quema entre recortes - Colectivo Ecologista Turcon","isPartOf":{"@id":"https:\/\/turcon.es\/wp\/#website"},"primaryImageOfPage":{"@id":"https:\/\/turcon.es\/wp\/espana-se-quema-entre-recortes\/#primaryimage"},"image":{"@id":"https:\/\/turcon.es\/wp\/espana-se-quema-entre-recortes\/#primaryimage"},"thumbnailUrl":"http:\/\/turcon.es\/wp\/wp-content\/uploads\/2012\/08\/la-gomera.jpg?w=300","datePublished":"2012-08-15T18:58:19+00:00","breadcrumb":{"@id":"https:\/\/turcon.es\/wp\/espana-se-quema-entre-recortes\/#breadcrumb"},"inLanguage":"es","potentialAction":[{"@type":"ReadAction","target":["https:\/\/turcon.es\/wp\/espana-se-quema-entre-recortes\/"]}]},{"@type":"ImageObject","inLanguage":"es","@id":"https:\/\/turcon.es\/wp\/espana-se-quema-entre-recortes\/#primaryimage","url":"http:\/\/turcon.es\/wp\/wp-content\/uploads\/2012\/08\/la-gomera.jpg?w=300","contentUrl":"http:\/\/turcon.es\/wp\/wp-content\/uploads\/2012\/08\/la-gomera.jpg?w=300"},{"@type":"BreadcrumbList","@id":"https:\/\/turcon.es\/wp\/espana-se-quema-entre-recortes\/#breadcrumb","itemListElement":[{"@type":"ListItem","position":1,"name":"Portada","item":"https:\/\/turcon.es\/wp\/"},{"@type":"ListItem","position":2,"name":"Espa\u00f1a se quema entre recortes"}]},{"@type":"WebSite","@id":"https:\/\/turcon.es\/wp\/#website","url":"https:\/\/turcon.es\/wp\/","name":"Colectivo Ecologista Turcon","description":"","publisher":{"@id":"https:\/\/turcon.es\/wp\/#organization"},"potentialAction":[{"@type":"SearchAction","target":{"@type":"EntryPoint","urlTemplate":"https:\/\/turcon.es\/wp\/?s={search_term_string}"},"query-input":{"@type":"PropertyValueSpecification","valueRequired":true,"valueName":"search_term_string"}}],"inLanguage":"es"},{"@type":"Organization","@id":"https:\/\/turcon.es\/wp\/#organization","name":"Colectivo Ecologista Turcon","url":"https:\/\/turcon.es\/wp\/","logo":{"@type":"ImageObject","inLanguage":"es","@id":"https:\/\/turcon.es\/wp\/#\/schema\/logo\/image\/","url":"https:\/\/turcon.es\/wp\/wp-content\/uploads\/2025\/03\/logo-verde.svg","contentUrl":"https:\/\/turcon.es\/wp\/wp-content\/uploads\/2025\/03\/logo-verde.svg","width":813,"height":813,"caption":"Colectivo Ecologista Turcon"},"image":{"@id":"https:\/\/turcon.es\/wp\/#\/schema\/logo\/image\/"}},{"@type":"Person","@id":"https:\/\/turcon.es\/wp\/#\/schema\/person\/a1f3ba727ce031d9da17684affe85edd","name":"Laura Fernandez","image":{"@type":"ImageObject","inLanguage":"es","@id":"https:\/\/turcon.es\/wp\/#\/schema\/person\/image\/","url":"https:\/\/secure.gravatar.com\/avatar\/360749af9549af22e54582d50231ae56e854210ae2368797ba242f445a9852e8?s=96&d=mm&r=g","contentUrl":"https:\/\/secure.gravatar.com\/avatar\/360749af9549af22e54582d50231ae56e854210ae2368797ba242f445a9852e8?s=96&d=mm&r=g","caption":"Laura Fernandez"},"url":"https:\/\/turcon.es\/wp\/author\/admturcon\/"}]}},"_links":{"self":[{"href":"https:\/\/turcon.es\/wp\/wp-json\/wp\/v2\/posts\/8857","targetHints":{"allow":["GET"]}}],"collection":[{"href":"https:\/\/turcon.es\/wp\/wp-json\/wp\/v2\/posts"}],"about":[{"href":"https:\/\/turcon.es\/wp\/wp-json\/wp\/v2\/types\/post"}],"author":[{"embeddable":true,"href":"https:\/\/turcon.es\/wp\/wp-json\/wp\/v2\/users\/2"}],"replies":[{"embeddable":true,"href":"https:\/\/turcon.es\/wp\/wp-json\/wp\/v2\/comments?post=8857"}],"version-history":[{"count":0,"href":"https:\/\/turcon.es\/wp\/wp-json\/wp\/v2\/posts\/8857\/revisions"}],"wp:attachment":[{"href":"https:\/\/turcon.es\/wp\/wp-json\/wp\/v2\/media?parent=8857"}],"wp:term":[{"taxonomy":"category","embeddable":true,"href":"https:\/\/turcon.es\/wp\/wp-json\/wp\/v2\/categories?post=8857"},{"taxonomy":"post_tag","embeddable":true,"href":"https:\/\/turcon.es\/wp\/wp-json\/wp\/v2\/tags?post=8857"}],"curies":[{"name":"wp","href":"https:\/\/api.w.org\/{rel}","templated":true}]}}