{"id":8862,"date":"2012-08-18T12:51:11","date_gmt":"2012-08-18T12:51:11","guid":{"rendered":"http:\/\/turcon.wordpress.com\/?p=8862"},"modified":"2012-08-18T12:51:11","modified_gmt":"2012-08-18T12:51:11","slug":"tagaragunche-exige-la-verdad-sobre-la-segunda-fase-del-incendio-de-la-gomera","status":"publish","type":"post","link":"https:\/\/turcon.es\/wp\/tagaragunche-exige-la-verdad-sobre-la-segunda-fase-del-incendio-de-la-gomera\/","title":{"rendered":"TAGARAGUNCHE EXIGE LA VERDAD SOBRE LA SEGUNDA FASE DEL INCENDIO DE LA GOMERA"},"content":{"rendered":"<h3 style=\"text-align:justify;\"><strong><a href=\"http:\/\/turcon.es\/wp\/wp-content\/uploads\/2012\/08\/logo-tagarunche-comunicado.png\"><img decoding=\"async\" class=\"aligncenter  wp-image-8863\" title=\"LOGO TAGARUNCHE COMUNICADO\" src=\"http:\/\/turcon.es\/wp\/wp-content\/uploads\/2012\/08\/logo-tagarunche-comunicado.png\" alt=\"\" width=\"376\" height=\"98\" srcset=\"https:\/\/turcon.es\/wp\/wp-content\/uploads\/2012\/08\/logo-tagarunche-comunicado.png 675w, https:\/\/turcon.es\/wp\/wp-content\/uploads\/2012\/08\/logo-tagarunche-comunicado-300x78.png 300w\" sizes=\"(max-width: 376px) 100vw, 376px\" \/><\/a>Los ecologistas gomeros exigen a los responsables pol\u00edticos que hagan p\u00fablica toda la informaci\u00f3n y documentos relativos a la bajada del nivel de gravedad. <\/strong><\/h3>\n<p style=\"text-align:justify;\">Despu\u00e9s de 13 d\u00edas de incendio en La Gomera, la Asociaci\u00f3n Cultural y Ecologista Tagaragunche quiere reiterar su pesar a todas las personas que han sufrido de manera directa o indirecta los efectos del fuego y reconocer el inmenso esfuerzo realizado por trabajadores, instituciones, t\u00e9cnicos y organizaciones, de dentro y fuera de la Isla, que vienen participando en los trabajos de extinci\u00f3n, evacuaci\u00f3n y apoyo log\u00edstico. En especial queremos agradecer el inmenso trabajo realizado por los dispositivos de extinci\u00f3n y por todos los que han hecho posible que no hayamos tenido que lamentar la p\u00e9rdida de vidas humanas.<\/p>\n<p style=\"text-align:justify;\">M\u00e1s all\u00e1 de que en esta ocasi\u00f3n el incendio haya sido debido, presuntamente, al acto criminal de un pir\u00f3mano, los habitantes de La Gomera queremos tener conocimiento de todo lo ocurrido desde que comenz\u00f3 el incendio. En particular, la Asociaci\u00f3n Tagaragunche exige p\u00fablicamente al Gobierno de Canarias y al Cabildo Insular de La Gomera que expliquen de forma clara y sincera a la poblaci\u00f3n por qu\u00e9 tomaron la decisi\u00f3n de bajar el nivel de gravedad del 2 al 1, cuando el incendio a\u00fan no estaba controlado y se preve\u00eda una nueva ola de calor.<\/p>\n<p style=\"text-align:justify;\">Especialmente, exigimos que se hagan p\u00fablicos inmediatamente todos los informes relativos a la bajada de nivel de gravedad del incendio del nivel 2 al 1. Los gomeros no queremos asistir a una vergonzosa guerra de declaraciones entre pol\u00edticos, sino que nos merecemos saber toda la verdad.<\/p>\n<p style=\"text-align:justify;\">Asimismo, se solicita que se d\u00e9 a conocer cu\u00e1l era el dispositivo del operativo contraincendios para la campa\u00f1a de verano 2012 en la isla de La Gomera.<\/p>\n<p style=\"text-align:justify;\">De las consecuencias de la segunda fase del incendio queremos destacar los da\u00f1os sufridos en Valle Gran Rey. Recordemos que hace 4 a\u00f1os ocurri\u00f3 algo similar en Hermigua y Vallehermoso, aunque con un menor grado de destrucci\u00f3n. En aquel momentos\u00a0 los responsables p\u00fablicos prometieron una serie de medidas que no se han puesto en marcha, y ahora tenemos las funestas consecuencias.\u00a0 Los ecologistas gomeros se preguntan cu\u00e1l es el motivo de no aplicarse tales medidas que hubiesen impedido un desastre como el acaecido.<\/p>\n<p style=\"text-align:justify;\">Por \u00faltimo queremos animar a toda la poblaci\u00f3n de La Gomera a trabajar unida para superar esta situaci\u00f3n.\u00a0 Por nuestra parte estamos trabajando para hacer propuestas en positivo para solucionar a largo plazo tanto al problema de los incendios como a la dif\u00edcil situaci\u00f3n a la que se enfrentar\u00e1 la Isla en los pr\u00f3ximos a\u00f1os.<\/p>\n","protected":false},"excerpt":{"rendered":"<p>Los ecologistas gomeros exigen a los responsables pol\u00edticos que hagan p\u00fablica toda la informaci\u00f3n y documentos relativos a la bajada del nivel de gravedad. Despu\u00e9s de 13 d\u00edas de incendio en La Gomera, la Asociaci\u00f3n Cultural y Ecologista Tagaragunche quiere reiterar su pesar a todas las personas que han sufrido de manera directa o indirecta [&hellip;]<\/p>\n","protected":false},"author":2,"featured_media":0,"comment_status":"open","ping_status":"open","sticky":false,"template":"","format":"standard","meta":{"footnotes":""},"categories":[18,29,55],"tags":[889,1598],"class_list":["post-8862","post","type-post","status-publish","format-standard","hentry","category-canarias","category-desertizacion-y-reforestacion","category-recursos-naturales","tag-incendio","tag-tagaragunche"],"yoast_head":"<!-- This site is optimized with the Yoast SEO plugin v26.3 - https:\/\/yoast.com\/wordpress\/plugins\/seo\/ -->\n<title>TAGARAGUNCHE EXIGE LA VERDAD SOBRE LA SEGUNDA FASE DEL INCENDIO DE LA GOMERA - Colectivo Ecologista Turcon<\/title>\n<meta name=\"robots\" content=\"index, follow, max-snippet:-1, max-image-preview:large, max-video-preview:-1\" \/>\n<link rel=\"canonical\" href=\"https:\/\/turcon.es\/wp\/tagaragunche-exige-la-verdad-sobre-la-segunda-fase-del-incendio-de-la-gomera\/\" \/>\n<meta property=\"og:locale\" content=\"es_ES\" \/>\n<meta property=\"og:type\" content=\"article\" \/>\n<meta property=\"og:title\" content=\"TAGARAGUNCHE EXIGE LA VERDAD SOBRE LA SEGUNDA FASE DEL INCENDIO DE LA GOMERA - Colectivo Ecologista Turcon\" \/>\n<meta property=\"og:description\" content=\"Los ecologistas gomeros exigen a los responsables pol\u00edticos que hagan p\u00fablica toda la informaci\u00f3n y documentos relativos a la bajada del nivel de gravedad. Despu\u00e9s de 13 d\u00edas de incendio en La Gomera, la Asociaci\u00f3n Cultural y Ecologista Tagaragunche quiere reiterar su pesar a todas las personas que han sufrido de manera directa o indirecta [&hellip;]\" \/>\n<meta property=\"og:url\" content=\"https:\/\/turcon.es\/wp\/tagaragunche-exige-la-verdad-sobre-la-segunda-fase-del-incendio-de-la-gomera\/\" \/>\n<meta property=\"og:site_name\" content=\"Colectivo Ecologista Turcon\" \/>\n<meta property=\"article:published_time\" content=\"2012-08-18T12:51:11+00:00\" \/>\n<meta property=\"og:image\" content=\"https:\/\/turcon.es\/wp\/wp-content\/uploads\/2012\/08\/logo-tagarunche-comunicado.png\" \/>\n\t<meta property=\"og:image:width\" content=\"675\" \/>\n\t<meta property=\"og:image:height\" content=\"176\" \/>\n\t<meta property=\"og:image:type\" content=\"image\/png\" \/>\n<meta name=\"author\" content=\"Laura Fernandez\" \/>\n<meta name=\"twitter:card\" content=\"summary_large_image\" \/>\n<meta name=\"twitter:label1\" content=\"Escrito por\" \/>\n\t<meta name=\"twitter:data1\" content=\"Laura Fernandez\" \/>\n\t<meta name=\"twitter:label2\" content=\"Tiempo de lectura\" \/>\n\t<meta name=\"twitter:data2\" content=\"2 minutos\" \/>\n<script type=\"application\/ld+json\" class=\"yoast-schema-graph\">{\"@context\":\"https:\/\/schema.org\",\"@graph\":[{\"@type\":\"Article\",\"@id\":\"https:\/\/turcon.es\/wp\/tagaragunche-exige-la-verdad-sobre-la-segunda-fase-del-incendio-de-la-gomera\/#article\",\"isPartOf\":{\"@id\":\"https:\/\/turcon.es\/wp\/tagaragunche-exige-la-verdad-sobre-la-segunda-fase-del-incendio-de-la-gomera\/\"},\"author\":{\"name\":\"Laura Fernandez\",\"@id\":\"https:\/\/turcon.es\/wp\/#\/schema\/person\/a1f3ba727ce031d9da17684affe85edd\"},\"headline\":\"TAGARAGUNCHE EXIGE LA VERDAD SOBRE LA SEGUNDA FASE DEL INCENDIO DE LA GOMERA\",\"datePublished\":\"2012-08-18T12:51:11+00:00\",\"mainEntityOfPage\":{\"@id\":\"https:\/\/turcon.es\/wp\/tagaragunche-exige-la-verdad-sobre-la-segunda-fase-del-incendio-de-la-gomera\/\"},\"wordCount\":469,\"commentCount\":0,\"publisher\":{\"@id\":\"https:\/\/turcon.es\/wp\/#organization\"},\"image\":{\"@id\":\"https:\/\/turcon.es\/wp\/tagaragunche-exige-la-verdad-sobre-la-segunda-fase-del-incendio-de-la-gomera\/#primaryimage\"},\"thumbnailUrl\":\"http:\/\/turcon.es\/wp\/wp-content\/uploads\/2012\/08\/logo-tagarunche-comunicado.png\",\"keywords\":[\"Incendio\",\"Tagaragunche\"],\"articleSection\":[\"Canarias\",\"Desertizaci\u00f3n y reforestaci\u00f3n\",\"Recursos naturales\"],\"inLanguage\":\"es\",\"potentialAction\":[{\"@type\":\"CommentAction\",\"name\":\"Comment\",\"target\":[\"https:\/\/turcon.es\/wp\/tagaragunche-exige-la-verdad-sobre-la-segunda-fase-del-incendio-de-la-gomera\/#respond\"]}]},{\"@type\":\"WebPage\",\"@id\":\"https:\/\/turcon.es\/wp\/tagaragunche-exige-la-verdad-sobre-la-segunda-fase-del-incendio-de-la-gomera\/\",\"url\":\"https:\/\/turcon.es\/wp\/tagaragunche-exige-la-verdad-sobre-la-segunda-fase-del-incendio-de-la-gomera\/\",\"name\":\"TAGARAGUNCHE EXIGE LA VERDAD SOBRE LA SEGUNDA FASE DEL INCENDIO DE LA GOMERA - Colectivo Ecologista Turcon\",\"isPartOf\":{\"@id\":\"https:\/\/turcon.es\/wp\/#website\"},\"primaryImageOfPage\":{\"@id\":\"https:\/\/turcon.es\/wp\/tagaragunche-exige-la-verdad-sobre-la-segunda-fase-del-incendio-de-la-gomera\/#primaryimage\"},\"image\":{\"@id\":\"https:\/\/turcon.es\/wp\/tagaragunche-exige-la-verdad-sobre-la-segunda-fase-del-incendio-de-la-gomera\/#primaryimage\"},\"thumbnailUrl\":\"http:\/\/turcon.es\/wp\/wp-content\/uploads\/2012\/08\/logo-tagarunche-comunicado.png\",\"datePublished\":\"2012-08-18T12:51:11+00:00\",\"breadcrumb\":{\"@id\":\"https:\/\/turcon.es\/wp\/tagaragunche-exige-la-verdad-sobre-la-segunda-fase-del-incendio-de-la-gomera\/#breadcrumb\"},\"inLanguage\":\"es\",\"potentialAction\":[{\"@type\":\"ReadAction\",\"target\":[\"https:\/\/turcon.es\/wp\/tagaragunche-exige-la-verdad-sobre-la-segunda-fase-del-incendio-de-la-gomera\/\"]}]},{\"@type\":\"ImageObject\",\"inLanguage\":\"es\",\"@id\":\"https:\/\/turcon.es\/wp\/tagaragunche-exige-la-verdad-sobre-la-segunda-fase-del-incendio-de-la-gomera\/#primaryimage\",\"url\":\"http:\/\/turcon.es\/wp\/wp-content\/uploads\/2012\/08\/logo-tagarunche-comunicado.png\",\"contentUrl\":\"http:\/\/turcon.es\/wp\/wp-content\/uploads\/2012\/08\/logo-tagarunche-comunicado.png\"},{\"@type\":\"BreadcrumbList\",\"@id\":\"https:\/\/turcon.es\/wp\/tagaragunche-exige-la-verdad-sobre-la-segunda-fase-del-incendio-de-la-gomera\/#breadcrumb\",\"itemListElement\":[{\"@type\":\"ListItem\",\"position\":1,\"name\":\"Portada\",\"item\":\"https:\/\/turcon.es\/wp\/\"},{\"@type\":\"ListItem\",\"position\":2,\"name\":\"TAGARAGUNCHE EXIGE LA VERDAD SOBRE LA SEGUNDA FASE DEL INCENDIO DE LA GOMERA\"}]},{\"@type\":\"WebSite\",\"@id\":\"https:\/\/turcon.es\/wp\/#website\",\"url\":\"https:\/\/turcon.es\/wp\/\",\"name\":\"Colectivo Ecologista Turcon\",\"description\":\"\",\"publisher\":{\"@id\":\"https:\/\/turcon.es\/wp\/#organization\"},\"potentialAction\":[{\"@type\":\"SearchAction\",\"target\":{\"@type\":\"EntryPoint\",\"urlTemplate\":\"https:\/\/turcon.es\/wp\/?s={search_term_string}\"},\"query-input\":{\"@type\":\"PropertyValueSpecification\",\"valueRequired\":true,\"valueName\":\"search_term_string\"}}],\"inLanguage\":\"es\"},{\"@type\":\"Organization\",\"@id\":\"https:\/\/turcon.es\/wp\/#organization\",\"name\":\"Colectivo Ecologista Turcon\",\"url\":\"https:\/\/turcon.es\/wp\/\",\"logo\":{\"@type\":\"ImageObject\",\"inLanguage\":\"es\",\"@id\":\"https:\/\/turcon.es\/wp\/#\/schema\/logo\/image\/\",\"url\":\"https:\/\/turcon.es\/wp\/wp-content\/uploads\/2025\/03\/logo-verde.svg\",\"contentUrl\":\"https:\/\/turcon.es\/wp\/wp-content\/uploads\/2025\/03\/logo-verde.svg\",\"width\":813,\"height\":813,\"caption\":\"Colectivo Ecologista Turcon\"},\"image\":{\"@id\":\"https:\/\/turcon.es\/wp\/#\/schema\/logo\/image\/\"}},{\"@type\":\"Person\",\"@id\":\"https:\/\/turcon.es\/wp\/#\/schema\/person\/a1f3ba727ce031d9da17684affe85edd\",\"name\":\"Laura Fernandez\",\"image\":{\"@type\":\"ImageObject\",\"inLanguage\":\"es\",\"@id\":\"https:\/\/turcon.es\/wp\/#\/schema\/person\/image\/\",\"url\":\"https:\/\/secure.gravatar.com\/avatar\/360749af9549af22e54582d50231ae56e854210ae2368797ba242f445a9852e8?s=96&d=mm&r=g\",\"contentUrl\":\"https:\/\/secure.gravatar.com\/avatar\/360749af9549af22e54582d50231ae56e854210ae2368797ba242f445a9852e8?s=96&d=mm&r=g\",\"caption\":\"Laura Fernandez\"},\"url\":\"https:\/\/turcon.es\/wp\/author\/admturcon\/\"}]}<\/script>\n<!-- \/ Yoast SEO plugin. -->","yoast_head_json":{"title":"TAGARAGUNCHE EXIGE LA VERDAD SOBRE LA SEGUNDA FASE DEL INCENDIO DE LA GOMERA - Colectivo Ecologista Turcon","robots":{"index":"index","follow":"follow","max-snippet":"max-snippet:-1","max-image-preview":"max-image-preview:large","max-video-preview":"max-video-preview:-1"},"canonical":"https:\/\/turcon.es\/wp\/tagaragunche-exige-la-verdad-sobre-la-segunda-fase-del-incendio-de-la-gomera\/","og_locale":"es_ES","og_type":"article","og_title":"TAGARAGUNCHE EXIGE LA VERDAD SOBRE LA SEGUNDA FASE DEL INCENDIO DE LA GOMERA - Colectivo Ecologista Turcon","og_description":"Los ecologistas gomeros exigen a los responsables pol\u00edticos que hagan p\u00fablica toda la informaci\u00f3n y documentos relativos a la bajada del nivel de gravedad. Despu\u00e9s de 13 d\u00edas de incendio en La Gomera, la Asociaci\u00f3n Cultural y Ecologista Tagaragunche quiere reiterar su pesar a todas las personas que han sufrido de manera directa o indirecta [&hellip;]","og_url":"https:\/\/turcon.es\/wp\/tagaragunche-exige-la-verdad-sobre-la-segunda-fase-del-incendio-de-la-gomera\/","og_site_name":"Colectivo Ecologista Turcon","article_published_time":"2012-08-18T12:51:11+00:00","og_image":[{"width":675,"height":176,"url":"https:\/\/turcon.es\/wp\/wp-content\/uploads\/2012\/08\/logo-tagarunche-comunicado.png","type":"image\/png"}],"author":"Laura Fernandez","twitter_card":"summary_large_image","twitter_misc":{"Escrito por":"Laura Fernandez","Tiempo de lectura":"2 minutos"},"schema":{"@context":"https:\/\/schema.org","@graph":[{"@type":"Article","@id":"https:\/\/turcon.es\/wp\/tagaragunche-exige-la-verdad-sobre-la-segunda-fase-del-incendio-de-la-gomera\/#article","isPartOf":{"@id":"https:\/\/turcon.es\/wp\/tagaragunche-exige-la-verdad-sobre-la-segunda-fase-del-incendio-de-la-gomera\/"},"author":{"name":"Laura Fernandez","@id":"https:\/\/turcon.es\/wp\/#\/schema\/person\/a1f3ba727ce031d9da17684affe85edd"},"headline":"TAGARAGUNCHE EXIGE LA VERDAD SOBRE LA SEGUNDA FASE DEL INCENDIO DE LA GOMERA","datePublished":"2012-08-18T12:51:11+00:00","mainEntityOfPage":{"@id":"https:\/\/turcon.es\/wp\/tagaragunche-exige-la-verdad-sobre-la-segunda-fase-del-incendio-de-la-gomera\/"},"wordCount":469,"commentCount":0,"publisher":{"@id":"https:\/\/turcon.es\/wp\/#organization"},"image":{"@id":"https:\/\/turcon.es\/wp\/tagaragunche-exige-la-verdad-sobre-la-segunda-fase-del-incendio-de-la-gomera\/#primaryimage"},"thumbnailUrl":"http:\/\/turcon.es\/wp\/wp-content\/uploads\/2012\/08\/logo-tagarunche-comunicado.png","keywords":["Incendio","Tagaragunche"],"articleSection":["Canarias","Desertizaci\u00f3n y reforestaci\u00f3n","Recursos naturales"],"inLanguage":"es","potentialAction":[{"@type":"CommentAction","name":"Comment","target":["https:\/\/turcon.es\/wp\/tagaragunche-exige-la-verdad-sobre-la-segunda-fase-del-incendio-de-la-gomera\/#respond"]}]},{"@type":"WebPage","@id":"https:\/\/turcon.es\/wp\/tagaragunche-exige-la-verdad-sobre-la-segunda-fase-del-incendio-de-la-gomera\/","url":"https:\/\/turcon.es\/wp\/tagaragunche-exige-la-verdad-sobre-la-segunda-fase-del-incendio-de-la-gomera\/","name":"TAGARAGUNCHE EXIGE LA VERDAD SOBRE LA SEGUNDA FASE DEL INCENDIO DE LA GOMERA - Colectivo Ecologista Turcon","isPartOf":{"@id":"https:\/\/turcon.es\/wp\/#website"},"primaryImageOfPage":{"@id":"https:\/\/turcon.es\/wp\/tagaragunche-exige-la-verdad-sobre-la-segunda-fase-del-incendio-de-la-gomera\/#primaryimage"},"image":{"@id":"https:\/\/turcon.es\/wp\/tagaragunche-exige-la-verdad-sobre-la-segunda-fase-del-incendio-de-la-gomera\/#primaryimage"},"thumbnailUrl":"http:\/\/turcon.es\/wp\/wp-content\/uploads\/2012\/08\/logo-tagarunche-comunicado.png","datePublished":"2012-08-18T12:51:11+00:00","breadcrumb":{"@id":"https:\/\/turcon.es\/wp\/tagaragunche-exige-la-verdad-sobre-la-segunda-fase-del-incendio-de-la-gomera\/#breadcrumb"},"inLanguage":"es","potentialAction":[{"@type":"ReadAction","target":["https:\/\/turcon.es\/wp\/tagaragunche-exige-la-verdad-sobre-la-segunda-fase-del-incendio-de-la-gomera\/"]}]},{"@type":"ImageObject","inLanguage":"es","@id":"https:\/\/turcon.es\/wp\/tagaragunche-exige-la-verdad-sobre-la-segunda-fase-del-incendio-de-la-gomera\/#primaryimage","url":"http:\/\/turcon.es\/wp\/wp-content\/uploads\/2012\/08\/logo-tagarunche-comunicado.png","contentUrl":"http:\/\/turcon.es\/wp\/wp-content\/uploads\/2012\/08\/logo-tagarunche-comunicado.png"},{"@type":"BreadcrumbList","@id":"https:\/\/turcon.es\/wp\/tagaragunche-exige-la-verdad-sobre-la-segunda-fase-del-incendio-de-la-gomera\/#breadcrumb","itemListElement":[{"@type":"ListItem","position":1,"name":"Portada","item":"https:\/\/turcon.es\/wp\/"},{"@type":"ListItem","position":2,"name":"TAGARAGUNCHE EXIGE LA VERDAD SOBRE LA SEGUNDA FASE DEL INCENDIO DE LA GOMERA"}]},{"@type":"WebSite","@id":"https:\/\/turcon.es\/wp\/#website","url":"https:\/\/turcon.es\/wp\/","name":"Colectivo Ecologista Turcon","description":"","publisher":{"@id":"https:\/\/turcon.es\/wp\/#organization"},"potentialAction":[{"@type":"SearchAction","target":{"@type":"EntryPoint","urlTemplate":"https:\/\/turcon.es\/wp\/?s={search_term_string}"},"query-input":{"@type":"PropertyValueSpecification","valueRequired":true,"valueName":"search_term_string"}}],"inLanguage":"es"},{"@type":"Organization","@id":"https:\/\/turcon.es\/wp\/#organization","name":"Colectivo Ecologista Turcon","url":"https:\/\/turcon.es\/wp\/","logo":{"@type":"ImageObject","inLanguage":"es","@id":"https:\/\/turcon.es\/wp\/#\/schema\/logo\/image\/","url":"https:\/\/turcon.es\/wp\/wp-content\/uploads\/2025\/03\/logo-verde.svg","contentUrl":"https:\/\/turcon.es\/wp\/wp-content\/uploads\/2025\/03\/logo-verde.svg","width":813,"height":813,"caption":"Colectivo Ecologista Turcon"},"image":{"@id":"https:\/\/turcon.es\/wp\/#\/schema\/logo\/image\/"}},{"@type":"Person","@id":"https:\/\/turcon.es\/wp\/#\/schema\/person\/a1f3ba727ce031d9da17684affe85edd","name":"Laura Fernandez","image":{"@type":"ImageObject","inLanguage":"es","@id":"https:\/\/turcon.es\/wp\/#\/schema\/person\/image\/","url":"https:\/\/secure.gravatar.com\/avatar\/360749af9549af22e54582d50231ae56e854210ae2368797ba242f445a9852e8?s=96&d=mm&r=g","contentUrl":"https:\/\/secure.gravatar.com\/avatar\/360749af9549af22e54582d50231ae56e854210ae2368797ba242f445a9852e8?s=96&d=mm&r=g","caption":"Laura Fernandez"},"url":"https:\/\/turcon.es\/wp\/author\/admturcon\/"}]}},"_links":{"self":[{"href":"https:\/\/turcon.es\/wp\/wp-json\/wp\/v2\/posts\/8862","targetHints":{"allow":["GET"]}}],"collection":[{"href":"https:\/\/turcon.es\/wp\/wp-json\/wp\/v2\/posts"}],"about":[{"href":"https:\/\/turcon.es\/wp\/wp-json\/wp\/v2\/types\/post"}],"author":[{"embeddable":true,"href":"https:\/\/turcon.es\/wp\/wp-json\/wp\/v2\/users\/2"}],"replies":[{"embeddable":true,"href":"https:\/\/turcon.es\/wp\/wp-json\/wp\/v2\/comments?post=8862"}],"version-history":[{"count":0,"href":"https:\/\/turcon.es\/wp\/wp-json\/wp\/v2\/posts\/8862\/revisions"}],"wp:attachment":[{"href":"https:\/\/turcon.es\/wp\/wp-json\/wp\/v2\/media?parent=8862"}],"wp:term":[{"taxonomy":"category","embeddable":true,"href":"https:\/\/turcon.es\/wp\/wp-json\/wp\/v2\/categories?post=8862"},{"taxonomy":"post_tag","embeddable":true,"href":"https:\/\/turcon.es\/wp\/wp-json\/wp\/v2\/tags?post=8862"}],"curies":[{"name":"wp","href":"https:\/\/api.w.org\/{rel}","templated":true}]}}