{"id":8947,"date":"2012-09-14T10:00:56","date_gmt":"2012-09-14T10:00:56","guid":{"rendered":"http:\/\/turcon.wordpress.com\/?p=8947"},"modified":"2012-09-14T10:00:56","modified_gmt":"2012-09-14T10:00:56","slug":"proyecto-de-rehabilitacion-ambiental-de-juncalillo-del-sur","status":"publish","type":"post","link":"https:\/\/turcon.es\/wp\/proyecto-de-rehabilitacion-ambiental-de-juncalillo-del-sur\/","title":{"rendered":"Proyecto de rehabilitaci\u00f3n ambiental de Juncalillo del Sur"},"content":{"rendered":"<p style=\"text-align:justify;\">A \u00a0partir del lunes 10 de septiembre y por varias semanas, estar\u00e1 expuesto en la Casa de la Cultura de Castillo del Romeral el Proyecto de Restauraci\u00f3n Ambiental \u00a0del S.I.C. de Juncalillo del Sur, que ha sido elaborado por la empresa Oceanogr\u00e1fica para el Cabildo Insular de Gran Canaria \u00a0y que tiene fecha prevista de comienzo a finales de este a\u00f1o. <a href=\"http:\/\/turcon.es\/wp\/wp-content\/uploads\/2012\/09\/juncalillo-del-sur.jpg\"><img fetchpriority=\"high\" decoding=\"async\" class=\"aligncenter  wp-image-8948\" title=\"juncalillo del sur\" src=\"http:\/\/turcon.es\/wp\/wp-content\/uploads\/2012\/09\/juncalillo-del-sur.jpg\" alt=\"\" width=\"377\" height=\"144\" srcset=\"https:\/\/turcon.es\/wp\/wp-content\/uploads\/2012\/09\/juncalillo-del-sur.jpg 928w, https:\/\/turcon.es\/wp\/wp-content\/uploads\/2012\/09\/juncalillo-del-sur-300x115.jpg 300w, https:\/\/turcon.es\/wp\/wp-content\/uploads\/2012\/09\/juncalillo-del-sur-768x294.jpg 768w\" sizes=\"(max-width: 377px) 100vw, 377px\" \/><\/a><\/p>\n<p style=\"text-align:justify;\">El horario de visitas es el habitual de tarde en la Casa de la Cultura y la exposici\u00f3n consta de varios paneles explicativos de las obras a realizar, as\u00ed como de fotos antiguas que han aportado los vecinos donde se muestra c\u00f3mo era Juncalillo a mediados del siglo pasado.<\/p>\n<p style=\"text-align:justify;\">El CAV en su compromiso de apoyo a todo los proyectos de mejora en esta zona, te invitan que te acerques a visitarla.<\/p>\n","protected":false},"excerpt":{"rendered":"<p>A \u00a0partir del lunes 10 de septiembre y por varias semanas, estar\u00e1 expuesto en la Casa de la Cultura de Castillo del Romeral el Proyecto de Restauraci\u00f3n Ambiental \u00a0del S.I.C. de Juncalillo del Sur, que ha sido elaborado por la empresa Oceanogr\u00e1fica para el Cabildo Insular de Gran Canaria \u00a0y que tiene fecha prevista de [&hellip;]<\/p>\n","protected":false},"author":2,"featured_media":0,"comment_status":"open","ping_status":"open","sticky":false,"template":"","format":"standard","meta":{"footnotes":""},"categories":[37,39,41,69,55],"tags":[980,1320],"class_list":["post-8947","post","type-post","status-publish","format-standard","hentry","category-espacios-naturales","category-fauna-y-flora","category-gran-canaria","category-movimiento-ciudadano","category-recursos-naturales","tag-juncallillo-del-sur","tag-planes-de-proteccion"],"yoast_head":"<!-- This site is optimized with the Yoast SEO plugin v26.3 - https:\/\/yoast.com\/wordpress\/plugins\/seo\/ -->\n<title>Proyecto de rehabilitaci\u00f3n ambiental de Juncalillo del Sur - Colectivo Ecologista Turcon<\/title>\n<meta name=\"robots\" content=\"index, follow, max-snippet:-1, max-image-preview:large, max-video-preview:-1\" \/>\n<link rel=\"canonical\" href=\"https:\/\/turcon.es\/wp\/proyecto-de-rehabilitacion-ambiental-de-juncalillo-del-sur\/\" \/>\n<meta property=\"og:locale\" content=\"es_ES\" \/>\n<meta property=\"og:type\" content=\"article\" \/>\n<meta property=\"og:title\" content=\"Proyecto de rehabilitaci\u00f3n ambiental de Juncalillo del Sur - Colectivo Ecologista Turcon\" \/>\n<meta property=\"og:description\" content=\"A \u00a0partir del lunes 10 de septiembre y por varias semanas, estar\u00e1 expuesto en la Casa de la Cultura de Castillo del Romeral el Proyecto de Restauraci\u00f3n Ambiental \u00a0del S.I.C. de Juncalillo del Sur, que ha sido elaborado por la empresa Oceanogr\u00e1fica para el Cabildo Insular de Gran Canaria \u00a0y que tiene fecha prevista de [&hellip;]\" \/>\n<meta property=\"og:url\" content=\"https:\/\/turcon.es\/wp\/proyecto-de-rehabilitacion-ambiental-de-juncalillo-del-sur\/\" \/>\n<meta property=\"og:site_name\" content=\"Colectivo Ecologista Turcon\" \/>\n<meta property=\"article:published_time\" content=\"2012-09-14T10:00:56+00:00\" \/>\n<meta property=\"og:image\" content=\"https:\/\/turcon.es\/wp\/wp-content\/uploads\/2012\/09\/juncalillo-del-sur.jpg\" \/>\n\t<meta property=\"og:image:width\" content=\"928\" \/>\n\t<meta property=\"og:image:height\" content=\"355\" \/>\n\t<meta property=\"og:image:type\" content=\"image\/jpeg\" \/>\n<meta name=\"author\" content=\"Laura Fernandez\" \/>\n<meta name=\"twitter:card\" content=\"summary_large_image\" \/>\n<meta name=\"twitter:label1\" content=\"Escrito por\" \/>\n\t<meta name=\"twitter:data1\" content=\"Laura Fernandez\" \/>\n\t<meta name=\"twitter:label2\" content=\"Tiempo de lectura\" \/>\n\t<meta name=\"twitter:data2\" content=\"1 minuto\" \/>\n<script type=\"application\/ld+json\" class=\"yoast-schema-graph\">{\"@context\":\"https:\/\/schema.org\",\"@graph\":[{\"@type\":\"Article\",\"@id\":\"https:\/\/turcon.es\/wp\/proyecto-de-rehabilitacion-ambiental-de-juncalillo-del-sur\/#article\",\"isPartOf\":{\"@id\":\"https:\/\/turcon.es\/wp\/proyecto-de-rehabilitacion-ambiental-de-juncalillo-del-sur\/\"},\"author\":{\"name\":\"Laura Fernandez\",\"@id\":\"https:\/\/turcon.es\/wp\/#\/schema\/person\/a1f3ba727ce031d9da17684affe85edd\"},\"headline\":\"Proyecto de rehabilitaci\u00f3n ambiental de Juncalillo del Sur\",\"datePublished\":\"2012-09-14T10:00:56+00:00\",\"mainEntityOfPage\":{\"@id\":\"https:\/\/turcon.es\/wp\/proyecto-de-rehabilitacion-ambiental-de-juncalillo-del-sur\/\"},\"wordCount\":148,\"commentCount\":0,\"publisher\":{\"@id\":\"https:\/\/turcon.es\/wp\/#organization\"},\"image\":{\"@id\":\"https:\/\/turcon.es\/wp\/proyecto-de-rehabilitacion-ambiental-de-juncalillo-del-sur\/#primaryimage\"},\"thumbnailUrl\":\"http:\/\/turcon.es\/wp\/wp-content\/uploads\/2012\/09\/juncalillo-del-sur.jpg\",\"keywords\":[\"Juncallillo del Sur\",\"Planes de protecci\u00f3n\"],\"articleSection\":[\"Espacios Naturales\",\"Fauna y flora\",\"Gran Canaria\",\"Movimiento ciudadano\",\"Recursos naturales\"],\"inLanguage\":\"es\",\"potentialAction\":[{\"@type\":\"CommentAction\",\"name\":\"Comment\",\"target\":[\"https:\/\/turcon.es\/wp\/proyecto-de-rehabilitacion-ambiental-de-juncalillo-del-sur\/#respond\"]}]},{\"@type\":\"WebPage\",\"@id\":\"https:\/\/turcon.es\/wp\/proyecto-de-rehabilitacion-ambiental-de-juncalillo-del-sur\/\",\"url\":\"https:\/\/turcon.es\/wp\/proyecto-de-rehabilitacion-ambiental-de-juncalillo-del-sur\/\",\"name\":\"Proyecto de rehabilitaci\u00f3n ambiental de Juncalillo del Sur - Colectivo Ecologista Turcon\",\"isPartOf\":{\"@id\":\"https:\/\/turcon.es\/wp\/#website\"},\"primaryImageOfPage\":{\"@id\":\"https:\/\/turcon.es\/wp\/proyecto-de-rehabilitacion-ambiental-de-juncalillo-del-sur\/#primaryimage\"},\"image\":{\"@id\":\"https:\/\/turcon.es\/wp\/proyecto-de-rehabilitacion-ambiental-de-juncalillo-del-sur\/#primaryimage\"},\"thumbnailUrl\":\"http:\/\/turcon.es\/wp\/wp-content\/uploads\/2012\/09\/juncalillo-del-sur.jpg\",\"datePublished\":\"2012-09-14T10:00:56+00:00\",\"breadcrumb\":{\"@id\":\"https:\/\/turcon.es\/wp\/proyecto-de-rehabilitacion-ambiental-de-juncalillo-del-sur\/#breadcrumb\"},\"inLanguage\":\"es\",\"potentialAction\":[{\"@type\":\"ReadAction\",\"target\":[\"https:\/\/turcon.es\/wp\/proyecto-de-rehabilitacion-ambiental-de-juncalillo-del-sur\/\"]}]},{\"@type\":\"ImageObject\",\"inLanguage\":\"es\",\"@id\":\"https:\/\/turcon.es\/wp\/proyecto-de-rehabilitacion-ambiental-de-juncalillo-del-sur\/#primaryimage\",\"url\":\"http:\/\/turcon.es\/wp\/wp-content\/uploads\/2012\/09\/juncalillo-del-sur.jpg\",\"contentUrl\":\"http:\/\/turcon.es\/wp\/wp-content\/uploads\/2012\/09\/juncalillo-del-sur.jpg\"},{\"@type\":\"BreadcrumbList\",\"@id\":\"https:\/\/turcon.es\/wp\/proyecto-de-rehabilitacion-ambiental-de-juncalillo-del-sur\/#breadcrumb\",\"itemListElement\":[{\"@type\":\"ListItem\",\"position\":1,\"name\":\"Portada\",\"item\":\"https:\/\/turcon.es\/wp\/\"},{\"@type\":\"ListItem\",\"position\":2,\"name\":\"Proyecto de rehabilitaci\u00f3n ambiental de Juncalillo del Sur\"}]},{\"@type\":\"WebSite\",\"@id\":\"https:\/\/turcon.es\/wp\/#website\",\"url\":\"https:\/\/turcon.es\/wp\/\",\"name\":\"Colectivo Ecologista Turcon\",\"description\":\"\",\"publisher\":{\"@id\":\"https:\/\/turcon.es\/wp\/#organization\"},\"potentialAction\":[{\"@type\":\"SearchAction\",\"target\":{\"@type\":\"EntryPoint\",\"urlTemplate\":\"https:\/\/turcon.es\/wp\/?s={search_term_string}\"},\"query-input\":{\"@type\":\"PropertyValueSpecification\",\"valueRequired\":true,\"valueName\":\"search_term_string\"}}],\"inLanguage\":\"es\"},{\"@type\":\"Organization\",\"@id\":\"https:\/\/turcon.es\/wp\/#organization\",\"name\":\"Colectivo Ecologista Turcon\",\"url\":\"https:\/\/turcon.es\/wp\/\",\"logo\":{\"@type\":\"ImageObject\",\"inLanguage\":\"es\",\"@id\":\"https:\/\/turcon.es\/wp\/#\/schema\/logo\/image\/\",\"url\":\"https:\/\/turcon.es\/wp\/wp-content\/uploads\/2025\/03\/logo-verde.svg\",\"contentUrl\":\"https:\/\/turcon.es\/wp\/wp-content\/uploads\/2025\/03\/logo-verde.svg\",\"width\":813,\"height\":813,\"caption\":\"Colectivo Ecologista Turcon\"},\"image\":{\"@id\":\"https:\/\/turcon.es\/wp\/#\/schema\/logo\/image\/\"}},{\"@type\":\"Person\",\"@id\":\"https:\/\/turcon.es\/wp\/#\/schema\/person\/a1f3ba727ce031d9da17684affe85edd\",\"name\":\"Laura Fernandez\",\"image\":{\"@type\":\"ImageObject\",\"inLanguage\":\"es\",\"@id\":\"https:\/\/turcon.es\/wp\/#\/schema\/person\/image\/\",\"url\":\"https:\/\/secure.gravatar.com\/avatar\/360749af9549af22e54582d50231ae56e854210ae2368797ba242f445a9852e8?s=96&d=mm&r=g\",\"contentUrl\":\"https:\/\/secure.gravatar.com\/avatar\/360749af9549af22e54582d50231ae56e854210ae2368797ba242f445a9852e8?s=96&d=mm&r=g\",\"caption\":\"Laura Fernandez\"},\"url\":\"https:\/\/turcon.es\/wp\/author\/admturcon\/\"}]}<\/script>\n<!-- \/ Yoast SEO plugin. -->","yoast_head_json":{"title":"Proyecto de rehabilitaci\u00f3n ambiental de Juncalillo del Sur - Colectivo Ecologista Turcon","robots":{"index":"index","follow":"follow","max-snippet":"max-snippet:-1","max-image-preview":"max-image-preview:large","max-video-preview":"max-video-preview:-1"},"canonical":"https:\/\/turcon.es\/wp\/proyecto-de-rehabilitacion-ambiental-de-juncalillo-del-sur\/","og_locale":"es_ES","og_type":"article","og_title":"Proyecto de rehabilitaci\u00f3n ambiental de Juncalillo del Sur - Colectivo Ecologista Turcon","og_description":"A \u00a0partir del lunes 10 de septiembre y por varias semanas, estar\u00e1 expuesto en la Casa de la Cultura de Castillo del Romeral el Proyecto de Restauraci\u00f3n Ambiental \u00a0del S.I.C. de Juncalillo del Sur, que ha sido elaborado por la empresa Oceanogr\u00e1fica para el Cabildo Insular de Gran Canaria \u00a0y que tiene fecha prevista de [&hellip;]","og_url":"https:\/\/turcon.es\/wp\/proyecto-de-rehabilitacion-ambiental-de-juncalillo-del-sur\/","og_site_name":"Colectivo Ecologista Turcon","article_published_time":"2012-09-14T10:00:56+00:00","og_image":[{"width":928,"height":355,"url":"https:\/\/turcon.es\/wp\/wp-content\/uploads\/2012\/09\/juncalillo-del-sur.jpg","type":"image\/jpeg"}],"author":"Laura Fernandez","twitter_card":"summary_large_image","twitter_misc":{"Escrito por":"Laura Fernandez","Tiempo de lectura":"1 minuto"},"schema":{"@context":"https:\/\/schema.org","@graph":[{"@type":"Article","@id":"https:\/\/turcon.es\/wp\/proyecto-de-rehabilitacion-ambiental-de-juncalillo-del-sur\/#article","isPartOf":{"@id":"https:\/\/turcon.es\/wp\/proyecto-de-rehabilitacion-ambiental-de-juncalillo-del-sur\/"},"author":{"name":"Laura Fernandez","@id":"https:\/\/turcon.es\/wp\/#\/schema\/person\/a1f3ba727ce031d9da17684affe85edd"},"headline":"Proyecto de rehabilitaci\u00f3n ambiental de Juncalillo del Sur","datePublished":"2012-09-14T10:00:56+00:00","mainEntityOfPage":{"@id":"https:\/\/turcon.es\/wp\/proyecto-de-rehabilitacion-ambiental-de-juncalillo-del-sur\/"},"wordCount":148,"commentCount":0,"publisher":{"@id":"https:\/\/turcon.es\/wp\/#organization"},"image":{"@id":"https:\/\/turcon.es\/wp\/proyecto-de-rehabilitacion-ambiental-de-juncalillo-del-sur\/#primaryimage"},"thumbnailUrl":"http:\/\/turcon.es\/wp\/wp-content\/uploads\/2012\/09\/juncalillo-del-sur.jpg","keywords":["Juncallillo del Sur","Planes de protecci\u00f3n"],"articleSection":["Espacios Naturales","Fauna y flora","Gran Canaria","Movimiento ciudadano","Recursos naturales"],"inLanguage":"es","potentialAction":[{"@type":"CommentAction","name":"Comment","target":["https:\/\/turcon.es\/wp\/proyecto-de-rehabilitacion-ambiental-de-juncalillo-del-sur\/#respond"]}]},{"@type":"WebPage","@id":"https:\/\/turcon.es\/wp\/proyecto-de-rehabilitacion-ambiental-de-juncalillo-del-sur\/","url":"https:\/\/turcon.es\/wp\/proyecto-de-rehabilitacion-ambiental-de-juncalillo-del-sur\/","name":"Proyecto de rehabilitaci\u00f3n ambiental de Juncalillo del Sur - Colectivo Ecologista Turcon","isPartOf":{"@id":"https:\/\/turcon.es\/wp\/#website"},"primaryImageOfPage":{"@id":"https:\/\/turcon.es\/wp\/proyecto-de-rehabilitacion-ambiental-de-juncalillo-del-sur\/#primaryimage"},"image":{"@id":"https:\/\/turcon.es\/wp\/proyecto-de-rehabilitacion-ambiental-de-juncalillo-del-sur\/#primaryimage"},"thumbnailUrl":"http:\/\/turcon.es\/wp\/wp-content\/uploads\/2012\/09\/juncalillo-del-sur.jpg","datePublished":"2012-09-14T10:00:56+00:00","breadcrumb":{"@id":"https:\/\/turcon.es\/wp\/proyecto-de-rehabilitacion-ambiental-de-juncalillo-del-sur\/#breadcrumb"},"inLanguage":"es","potentialAction":[{"@type":"ReadAction","target":["https:\/\/turcon.es\/wp\/proyecto-de-rehabilitacion-ambiental-de-juncalillo-del-sur\/"]}]},{"@type":"ImageObject","inLanguage":"es","@id":"https:\/\/turcon.es\/wp\/proyecto-de-rehabilitacion-ambiental-de-juncalillo-del-sur\/#primaryimage","url":"http:\/\/turcon.es\/wp\/wp-content\/uploads\/2012\/09\/juncalillo-del-sur.jpg","contentUrl":"http:\/\/turcon.es\/wp\/wp-content\/uploads\/2012\/09\/juncalillo-del-sur.jpg"},{"@type":"BreadcrumbList","@id":"https:\/\/turcon.es\/wp\/proyecto-de-rehabilitacion-ambiental-de-juncalillo-del-sur\/#breadcrumb","itemListElement":[{"@type":"ListItem","position":1,"name":"Portada","item":"https:\/\/turcon.es\/wp\/"},{"@type":"ListItem","position":2,"name":"Proyecto de rehabilitaci\u00f3n ambiental de Juncalillo del Sur"}]},{"@type":"WebSite","@id":"https:\/\/turcon.es\/wp\/#website","url":"https:\/\/turcon.es\/wp\/","name":"Colectivo Ecologista Turcon","description":"","publisher":{"@id":"https:\/\/turcon.es\/wp\/#organization"},"potentialAction":[{"@type":"SearchAction","target":{"@type":"EntryPoint","urlTemplate":"https:\/\/turcon.es\/wp\/?s={search_term_string}"},"query-input":{"@type":"PropertyValueSpecification","valueRequired":true,"valueName":"search_term_string"}}],"inLanguage":"es"},{"@type":"Organization","@id":"https:\/\/turcon.es\/wp\/#organization","name":"Colectivo Ecologista Turcon","url":"https:\/\/turcon.es\/wp\/","logo":{"@type":"ImageObject","inLanguage":"es","@id":"https:\/\/turcon.es\/wp\/#\/schema\/logo\/image\/","url":"https:\/\/turcon.es\/wp\/wp-content\/uploads\/2025\/03\/logo-verde.svg","contentUrl":"https:\/\/turcon.es\/wp\/wp-content\/uploads\/2025\/03\/logo-verde.svg","width":813,"height":813,"caption":"Colectivo Ecologista Turcon"},"image":{"@id":"https:\/\/turcon.es\/wp\/#\/schema\/logo\/image\/"}},{"@type":"Person","@id":"https:\/\/turcon.es\/wp\/#\/schema\/person\/a1f3ba727ce031d9da17684affe85edd","name":"Laura Fernandez","image":{"@type":"ImageObject","inLanguage":"es","@id":"https:\/\/turcon.es\/wp\/#\/schema\/person\/image\/","url":"https:\/\/secure.gravatar.com\/avatar\/360749af9549af22e54582d50231ae56e854210ae2368797ba242f445a9852e8?s=96&d=mm&r=g","contentUrl":"https:\/\/secure.gravatar.com\/avatar\/360749af9549af22e54582d50231ae56e854210ae2368797ba242f445a9852e8?s=96&d=mm&r=g","caption":"Laura Fernandez"},"url":"https:\/\/turcon.es\/wp\/author\/admturcon\/"}]}},"_links":{"self":[{"href":"https:\/\/turcon.es\/wp\/wp-json\/wp\/v2\/posts\/8947","targetHints":{"allow":["GET"]}}],"collection":[{"href":"https:\/\/turcon.es\/wp\/wp-json\/wp\/v2\/posts"}],"about":[{"href":"https:\/\/turcon.es\/wp\/wp-json\/wp\/v2\/types\/post"}],"author":[{"embeddable":true,"href":"https:\/\/turcon.es\/wp\/wp-json\/wp\/v2\/users\/2"}],"replies":[{"embeddable":true,"href":"https:\/\/turcon.es\/wp\/wp-json\/wp\/v2\/comments?post=8947"}],"version-history":[{"count":0,"href":"https:\/\/turcon.es\/wp\/wp-json\/wp\/v2\/posts\/8947\/revisions"}],"wp:attachment":[{"href":"https:\/\/turcon.es\/wp\/wp-json\/wp\/v2\/media?parent=8947"}],"wp:term":[{"taxonomy":"category","embeddable":true,"href":"https:\/\/turcon.es\/wp\/wp-json\/wp\/v2\/categories?post=8947"},{"taxonomy":"post_tag","embeddable":true,"href":"https:\/\/turcon.es\/wp\/wp-json\/wp\/v2\/tags?post=8947"}],"curies":[{"name":"wp","href":"https:\/\/api.w.org\/{rel}","templated":true}]}}