{"id":9213,"date":"2012-11-27T11:04:56","date_gmt":"2012-11-27T11:04:56","guid":{"rendered":"http:\/\/turcon.wordpress.com\/?p=9213"},"modified":"2012-11-27T11:04:56","modified_gmt":"2012-11-27T11:04:56","slug":"el-periodico-la-provinciadlp-se-posiciona-a-favor-de-la-via-tangencial-de-telde","status":"publish","type":"post","link":"https:\/\/turcon.es\/wp\/el-periodico-la-provinciadlp-se-posiciona-a-favor-de-la-via-tangencial-de-telde\/","title":{"rendered":"El peri\u00f3dico LA PROVINCIA\/DLP se posiciona a favor de la V\u00eda Tangencial de Telde."},"content":{"rendered":"<p style=\"text-align:justify;\"><span style=\"color:#800000;\"><strong>En el a\u00f1o 2004 se inici\u00f3 la planificaci\u00f3n de la v\u00eda, e inmediatamente, m\u00e1s de 5.000 vecinos-as de Telde se posicionaron en contra de la misma.<\/strong><\/span><\/p>\n<p style=\"text-align:justify;\"><span style=\"color:#800000;\"><strong> Se constituy\u00f3 una plataforma ciudadana con m\u00e1s de 300 asociaciones, colectivos, sindicatos. Incluso la Asociaci\u00f3n de Importadores de Veh\u00edculos de Las Palmas present\u00f3 sugerencias al Avance de aquel Plan Territorial.<a href=\"http:\/\/turcon.es\/wp\/wp-content\/uploads\/2012\/11\/ruidos.png\"><img fetchpriority=\"high\" decoding=\"async\" class=\"alignright size-medium wp-image-9214\" title=\"RUIDOS\" alt=\"\" src=\"http:\/\/turcon.es\/wp\/wp-content\/uploads\/2012\/11\/ruidos.png?w=300\" height=\"200\" width=\"300\" srcset=\"https:\/\/turcon.es\/wp\/wp-content\/uploads\/2012\/11\/ruidos.png 320w, https:\/\/turcon.es\/wp\/wp-content\/uploads\/2012\/11\/ruidos-300x201.png 300w\" sizes=\"(max-width: 300px) 100vw, 300px\" \/><\/a><\/strong><\/span><\/p>\n<p style=\"text-align:justify;\"><span style=\"color:#800000;\"><strong>El Ayuntamiento de Telde, en pleno ordinario de aquella fecha, tambi\u00e9n se posicion\u00f3 en contra de ese proyecto de creaci\u00f3n de una autopista. Las nuevas leyes medioambientales hay que cumplirlas y la COTMAC en sesi\u00f3n celebrada el d\u00eda 26 de noviembre exige el m\u00e1ximo grado de cumplimiento a la Consejer\u00eda de Infraestructura del Gobierno de Canarias&#8230;. y eso parece que no gusta.<\/strong><\/span><\/p>\n<p><strong>Reproducimos a continuaci\u00f3n la noticia que publica el peri\u00f3dico mencionado en su versi\u00f3n digital&#8230; que por cierto, no firma nadie:<\/strong><\/p>\n<p>\u201cLa v\u00eda tangencial sigue estancada al no aprobarse su memoria ambiental<\/p>\n<p>LA PROVINCIA \/ DLP LAS PALMAS DE GRAN CANARIA La v\u00eda tangencial de Telde, un proyecto de carretera que tiene como objetivo solucionar los importantes problemas de tr\u00e1fico en la autopista GC-1 en el tramo de la costa, contin\u00faa con pegas para su aprobaci\u00f3n. De hecho, ayer se dej\u00f3 sobre la mesa la memoria ambiental de esta v\u00eda, ya que la Comisi\u00f3n de Urbanismo y Medio Ambiente de Canarias (Cotmac) cree que no se han subsanado los errores por parte de la Consejer\u00eda de Obras P\u00fablicas, Transporte y Pol\u00edtica Territorial.<\/p>\n<p>Este organismo estima que pese a cumplirse la mayor\u00eda de las condiciones exigidas para aprobar el anteproyecto, a\u00fan queda uno por subsanarse, pero que puede suponer efectos significativos en el medio ambiente. Este nuevo escollo a la memoria ambiental de la v\u00eda tangencial -que afecta a los municipios de Las Palmas de Gran Canaria, Telde e Ingenio- se suma a la exigencia del visto bueno de los informes jur\u00eddicos y t\u00e9cnicos sobre el impacto de esta carretera. Tambi\u00e9n estima la Cotmac que deber\u00e1 modificarse el informe de Sostenibilidad Ambiental (ISA) y la correcci\u00f3n de la memoria ambiental.<\/p>\n<p>Ahora debe ser el Gobierno canario el encargado de atender las peticiones de correcciones de la Cotmac para que avance el expediente de una v\u00eda alternativa a la GC-1.\u201d<\/p>\n","protected":false},"excerpt":{"rendered":"<p>En el a\u00f1o 2004 se inici\u00f3 la planificaci\u00f3n de la v\u00eda, e inmediatamente, m\u00e1s de 5.000 vecinos-as de Telde se posicionaron en contra de la misma. Se constituy\u00f3 una plataforma ciudadana con m\u00e1s de 300 asociaciones, colectivos, sindicatos. Incluso la Asociaci\u00f3n de Importadores de Veh\u00edculos de Las Palmas present\u00f3 sugerencias al Avance de aquel Plan [&hellip;]<\/p>\n","protected":false},"author":2,"featured_media":0,"comment_status":"open","ping_status":"open","sticky":false,"template":"","format":"standard","meta":{"footnotes":""},"categories":[8,43],"tags":[],"class_list":["post-9213","post","type-post","status-publish","format-standard","hentry","category-administracion-publica","category-infraestructuras"],"yoast_head":"<!-- This site is optimized with the Yoast SEO plugin v26.3 - https:\/\/yoast.com\/wordpress\/plugins\/seo\/ -->\n<title>El peri\u00f3dico LA PROVINCIA\/DLP se posiciona a favor de la V\u00eda Tangencial de Telde. - Colectivo Ecologista Turcon<\/title>\n<meta name=\"robots\" content=\"index, follow, max-snippet:-1, max-image-preview:large, max-video-preview:-1\" \/>\n<link rel=\"canonical\" href=\"https:\/\/turcon.es\/wp\/el-periodico-la-provinciadlp-se-posiciona-a-favor-de-la-via-tangencial-de-telde\/\" \/>\n<meta property=\"og:locale\" content=\"es_ES\" \/>\n<meta property=\"og:type\" content=\"article\" \/>\n<meta property=\"og:title\" content=\"El peri\u00f3dico LA PROVINCIA\/DLP se posiciona a favor de la V\u00eda Tangencial de Telde. - Colectivo Ecologista Turcon\" \/>\n<meta property=\"og:description\" content=\"En el a\u00f1o 2004 se inici\u00f3 la planificaci\u00f3n de la v\u00eda, e inmediatamente, m\u00e1s de 5.000 vecinos-as de Telde se posicionaron en contra de la misma. Se constituy\u00f3 una plataforma ciudadana con m\u00e1s de 300 asociaciones, colectivos, sindicatos. Incluso la Asociaci\u00f3n de Importadores de Veh\u00edculos de Las Palmas present\u00f3 sugerencias al Avance de aquel Plan [&hellip;]\" \/>\n<meta property=\"og:url\" content=\"https:\/\/turcon.es\/wp\/el-periodico-la-provinciadlp-se-posiciona-a-favor-de-la-via-tangencial-de-telde\/\" \/>\n<meta property=\"og:site_name\" content=\"Colectivo Ecologista Turcon\" \/>\n<meta property=\"article:published_time\" content=\"2012-11-27T11:04:56+00:00\" \/>\n<meta property=\"og:image\" content=\"https:\/\/turcon.es\/wp\/wp-content\/uploads\/2012\/11\/ruidos.png\" \/>\n\t<meta property=\"og:image:width\" content=\"320\" \/>\n\t<meta property=\"og:image:height\" content=\"214\" \/>\n\t<meta property=\"og:image:type\" content=\"image\/png\" \/>\n<meta name=\"author\" content=\"Laura Fernandez\" \/>\n<meta name=\"twitter:card\" content=\"summary_large_image\" \/>\n<meta name=\"twitter:label1\" content=\"Escrito por\" \/>\n\t<meta name=\"twitter:data1\" content=\"Laura Fernandez\" \/>\n\t<meta name=\"twitter:label2\" content=\"Tiempo de lectura\" \/>\n\t<meta name=\"twitter:data2\" content=\"2 minutos\" \/>\n<script type=\"application\/ld+json\" class=\"yoast-schema-graph\">{\"@context\":\"https:\/\/schema.org\",\"@graph\":[{\"@type\":\"Article\",\"@id\":\"https:\/\/turcon.es\/wp\/el-periodico-la-provinciadlp-se-posiciona-a-favor-de-la-via-tangencial-de-telde\/#article\",\"isPartOf\":{\"@id\":\"https:\/\/turcon.es\/wp\/el-periodico-la-provinciadlp-se-posiciona-a-favor-de-la-via-tangencial-de-telde\/\"},\"author\":{\"name\":\"Laura Fernandez\",\"@id\":\"https:\/\/turcon.es\/wp\/#\/schema\/person\/a1f3ba727ce031d9da17684affe85edd\"},\"headline\":\"El peri\u00f3dico LA PROVINCIA\/DLP se posiciona a favor de la V\u00eda Tangencial de Telde.\",\"datePublished\":\"2012-11-27T11:04:56+00:00\",\"mainEntityOfPage\":{\"@id\":\"https:\/\/turcon.es\/wp\/el-periodico-la-provinciadlp-se-posiciona-a-favor-de-la-via-tangencial-de-telde\/\"},\"wordCount\":411,\"commentCount\":0,\"publisher\":{\"@id\":\"https:\/\/turcon.es\/wp\/#organization\"},\"image\":{\"@id\":\"https:\/\/turcon.es\/wp\/el-periodico-la-provinciadlp-se-posiciona-a-favor-de-la-via-tangencial-de-telde\/#primaryimage\"},\"thumbnailUrl\":\"http:\/\/turcon.es\/wp\/wp-content\/uploads\/2012\/11\/ruidos.png?w=300\",\"articleSection\":[\"Administraci\u00f3n p\u00fablica\",\"Infraestructuras\"],\"inLanguage\":\"es\",\"potentialAction\":[{\"@type\":\"CommentAction\",\"name\":\"Comment\",\"target\":[\"https:\/\/turcon.es\/wp\/el-periodico-la-provinciadlp-se-posiciona-a-favor-de-la-via-tangencial-de-telde\/#respond\"]}]},{\"@type\":\"WebPage\",\"@id\":\"https:\/\/turcon.es\/wp\/el-periodico-la-provinciadlp-se-posiciona-a-favor-de-la-via-tangencial-de-telde\/\",\"url\":\"https:\/\/turcon.es\/wp\/el-periodico-la-provinciadlp-se-posiciona-a-favor-de-la-via-tangencial-de-telde\/\",\"name\":\"El peri\u00f3dico LA PROVINCIA\/DLP se posiciona a favor de la V\u00eda Tangencial de Telde. - Colectivo Ecologista Turcon\",\"isPartOf\":{\"@id\":\"https:\/\/turcon.es\/wp\/#website\"},\"primaryImageOfPage\":{\"@id\":\"https:\/\/turcon.es\/wp\/el-periodico-la-provinciadlp-se-posiciona-a-favor-de-la-via-tangencial-de-telde\/#primaryimage\"},\"image\":{\"@id\":\"https:\/\/turcon.es\/wp\/el-periodico-la-provinciadlp-se-posiciona-a-favor-de-la-via-tangencial-de-telde\/#primaryimage\"},\"thumbnailUrl\":\"http:\/\/turcon.es\/wp\/wp-content\/uploads\/2012\/11\/ruidos.png?w=300\",\"datePublished\":\"2012-11-27T11:04:56+00:00\",\"breadcrumb\":{\"@id\":\"https:\/\/turcon.es\/wp\/el-periodico-la-provinciadlp-se-posiciona-a-favor-de-la-via-tangencial-de-telde\/#breadcrumb\"},\"inLanguage\":\"es\",\"potentialAction\":[{\"@type\":\"ReadAction\",\"target\":[\"https:\/\/turcon.es\/wp\/el-periodico-la-provinciadlp-se-posiciona-a-favor-de-la-via-tangencial-de-telde\/\"]}]},{\"@type\":\"ImageObject\",\"inLanguage\":\"es\",\"@id\":\"https:\/\/turcon.es\/wp\/el-periodico-la-provinciadlp-se-posiciona-a-favor-de-la-via-tangencial-de-telde\/#primaryimage\",\"url\":\"http:\/\/turcon.es\/wp\/wp-content\/uploads\/2012\/11\/ruidos.png?w=300\",\"contentUrl\":\"http:\/\/turcon.es\/wp\/wp-content\/uploads\/2012\/11\/ruidos.png?w=300\"},{\"@type\":\"BreadcrumbList\",\"@id\":\"https:\/\/turcon.es\/wp\/el-periodico-la-provinciadlp-se-posiciona-a-favor-de-la-via-tangencial-de-telde\/#breadcrumb\",\"itemListElement\":[{\"@type\":\"ListItem\",\"position\":1,\"name\":\"Portada\",\"item\":\"https:\/\/turcon.es\/wp\/\"},{\"@type\":\"ListItem\",\"position\":2,\"name\":\"El peri\u00f3dico LA PROVINCIA\/DLP se posiciona a favor de la V\u00eda Tangencial de Telde.\"}]},{\"@type\":\"WebSite\",\"@id\":\"https:\/\/turcon.es\/wp\/#website\",\"url\":\"https:\/\/turcon.es\/wp\/\",\"name\":\"Colectivo Ecologista Turcon\",\"description\":\"\",\"publisher\":{\"@id\":\"https:\/\/turcon.es\/wp\/#organization\"},\"potentialAction\":[{\"@type\":\"SearchAction\",\"target\":{\"@type\":\"EntryPoint\",\"urlTemplate\":\"https:\/\/turcon.es\/wp\/?s={search_term_string}\"},\"query-input\":{\"@type\":\"PropertyValueSpecification\",\"valueRequired\":true,\"valueName\":\"search_term_string\"}}],\"inLanguage\":\"es\"},{\"@type\":\"Organization\",\"@id\":\"https:\/\/turcon.es\/wp\/#organization\",\"name\":\"Colectivo Ecologista Turcon\",\"url\":\"https:\/\/turcon.es\/wp\/\",\"logo\":{\"@type\":\"ImageObject\",\"inLanguage\":\"es\",\"@id\":\"https:\/\/turcon.es\/wp\/#\/schema\/logo\/image\/\",\"url\":\"https:\/\/turcon.es\/wp\/wp-content\/uploads\/2025\/03\/logo-verde.svg\",\"contentUrl\":\"https:\/\/turcon.es\/wp\/wp-content\/uploads\/2025\/03\/logo-verde.svg\",\"width\":813,\"height\":813,\"caption\":\"Colectivo Ecologista Turcon\"},\"image\":{\"@id\":\"https:\/\/turcon.es\/wp\/#\/schema\/logo\/image\/\"}},{\"@type\":\"Person\",\"@id\":\"https:\/\/turcon.es\/wp\/#\/schema\/person\/a1f3ba727ce031d9da17684affe85edd\",\"name\":\"Laura Fernandez\",\"image\":{\"@type\":\"ImageObject\",\"inLanguage\":\"es\",\"@id\":\"https:\/\/turcon.es\/wp\/#\/schema\/person\/image\/\",\"url\":\"https:\/\/secure.gravatar.com\/avatar\/360749af9549af22e54582d50231ae56e854210ae2368797ba242f445a9852e8?s=96&d=mm&r=g\",\"contentUrl\":\"https:\/\/secure.gravatar.com\/avatar\/360749af9549af22e54582d50231ae56e854210ae2368797ba242f445a9852e8?s=96&d=mm&r=g\",\"caption\":\"Laura Fernandez\"},\"url\":\"https:\/\/turcon.es\/wp\/author\/admturcon\/\"}]}<\/script>\n<!-- \/ Yoast SEO plugin. -->","yoast_head_json":{"title":"El peri\u00f3dico LA PROVINCIA\/DLP se posiciona a favor de la V\u00eda Tangencial de Telde. - Colectivo Ecologista Turcon","robots":{"index":"index","follow":"follow","max-snippet":"max-snippet:-1","max-image-preview":"max-image-preview:large","max-video-preview":"max-video-preview:-1"},"canonical":"https:\/\/turcon.es\/wp\/el-periodico-la-provinciadlp-se-posiciona-a-favor-de-la-via-tangencial-de-telde\/","og_locale":"es_ES","og_type":"article","og_title":"El peri\u00f3dico LA PROVINCIA\/DLP se posiciona a favor de la V\u00eda Tangencial de Telde. - Colectivo Ecologista Turcon","og_description":"En el a\u00f1o 2004 se inici\u00f3 la planificaci\u00f3n de la v\u00eda, e inmediatamente, m\u00e1s de 5.000 vecinos-as de Telde se posicionaron en contra de la misma. Se constituy\u00f3 una plataforma ciudadana con m\u00e1s de 300 asociaciones, colectivos, sindicatos. Incluso la Asociaci\u00f3n de Importadores de Veh\u00edculos de Las Palmas present\u00f3 sugerencias al Avance de aquel Plan [&hellip;]","og_url":"https:\/\/turcon.es\/wp\/el-periodico-la-provinciadlp-se-posiciona-a-favor-de-la-via-tangencial-de-telde\/","og_site_name":"Colectivo Ecologista Turcon","article_published_time":"2012-11-27T11:04:56+00:00","og_image":[{"width":320,"height":214,"url":"https:\/\/turcon.es\/wp\/wp-content\/uploads\/2012\/11\/ruidos.png","type":"image\/png"}],"author":"Laura Fernandez","twitter_card":"summary_large_image","twitter_misc":{"Escrito por":"Laura Fernandez","Tiempo de lectura":"2 minutos"},"schema":{"@context":"https:\/\/schema.org","@graph":[{"@type":"Article","@id":"https:\/\/turcon.es\/wp\/el-periodico-la-provinciadlp-se-posiciona-a-favor-de-la-via-tangencial-de-telde\/#article","isPartOf":{"@id":"https:\/\/turcon.es\/wp\/el-periodico-la-provinciadlp-se-posiciona-a-favor-de-la-via-tangencial-de-telde\/"},"author":{"name":"Laura Fernandez","@id":"https:\/\/turcon.es\/wp\/#\/schema\/person\/a1f3ba727ce031d9da17684affe85edd"},"headline":"El peri\u00f3dico LA PROVINCIA\/DLP se posiciona a favor de la V\u00eda Tangencial de Telde.","datePublished":"2012-11-27T11:04:56+00:00","mainEntityOfPage":{"@id":"https:\/\/turcon.es\/wp\/el-periodico-la-provinciadlp-se-posiciona-a-favor-de-la-via-tangencial-de-telde\/"},"wordCount":411,"commentCount":0,"publisher":{"@id":"https:\/\/turcon.es\/wp\/#organization"},"image":{"@id":"https:\/\/turcon.es\/wp\/el-periodico-la-provinciadlp-se-posiciona-a-favor-de-la-via-tangencial-de-telde\/#primaryimage"},"thumbnailUrl":"http:\/\/turcon.es\/wp\/wp-content\/uploads\/2012\/11\/ruidos.png?w=300","articleSection":["Administraci\u00f3n p\u00fablica","Infraestructuras"],"inLanguage":"es","potentialAction":[{"@type":"CommentAction","name":"Comment","target":["https:\/\/turcon.es\/wp\/el-periodico-la-provinciadlp-se-posiciona-a-favor-de-la-via-tangencial-de-telde\/#respond"]}]},{"@type":"WebPage","@id":"https:\/\/turcon.es\/wp\/el-periodico-la-provinciadlp-se-posiciona-a-favor-de-la-via-tangencial-de-telde\/","url":"https:\/\/turcon.es\/wp\/el-periodico-la-provinciadlp-se-posiciona-a-favor-de-la-via-tangencial-de-telde\/","name":"El peri\u00f3dico LA PROVINCIA\/DLP se posiciona a favor de la V\u00eda Tangencial de Telde. - Colectivo Ecologista Turcon","isPartOf":{"@id":"https:\/\/turcon.es\/wp\/#website"},"primaryImageOfPage":{"@id":"https:\/\/turcon.es\/wp\/el-periodico-la-provinciadlp-se-posiciona-a-favor-de-la-via-tangencial-de-telde\/#primaryimage"},"image":{"@id":"https:\/\/turcon.es\/wp\/el-periodico-la-provinciadlp-se-posiciona-a-favor-de-la-via-tangencial-de-telde\/#primaryimage"},"thumbnailUrl":"http:\/\/turcon.es\/wp\/wp-content\/uploads\/2012\/11\/ruidos.png?w=300","datePublished":"2012-11-27T11:04:56+00:00","breadcrumb":{"@id":"https:\/\/turcon.es\/wp\/el-periodico-la-provinciadlp-se-posiciona-a-favor-de-la-via-tangencial-de-telde\/#breadcrumb"},"inLanguage":"es","potentialAction":[{"@type":"ReadAction","target":["https:\/\/turcon.es\/wp\/el-periodico-la-provinciadlp-se-posiciona-a-favor-de-la-via-tangencial-de-telde\/"]}]},{"@type":"ImageObject","inLanguage":"es","@id":"https:\/\/turcon.es\/wp\/el-periodico-la-provinciadlp-se-posiciona-a-favor-de-la-via-tangencial-de-telde\/#primaryimage","url":"http:\/\/turcon.es\/wp\/wp-content\/uploads\/2012\/11\/ruidos.png?w=300","contentUrl":"http:\/\/turcon.es\/wp\/wp-content\/uploads\/2012\/11\/ruidos.png?w=300"},{"@type":"BreadcrumbList","@id":"https:\/\/turcon.es\/wp\/el-periodico-la-provinciadlp-se-posiciona-a-favor-de-la-via-tangencial-de-telde\/#breadcrumb","itemListElement":[{"@type":"ListItem","position":1,"name":"Portada","item":"https:\/\/turcon.es\/wp\/"},{"@type":"ListItem","position":2,"name":"El peri\u00f3dico LA PROVINCIA\/DLP se posiciona a favor de la V\u00eda Tangencial de Telde."}]},{"@type":"WebSite","@id":"https:\/\/turcon.es\/wp\/#website","url":"https:\/\/turcon.es\/wp\/","name":"Colectivo Ecologista Turcon","description":"","publisher":{"@id":"https:\/\/turcon.es\/wp\/#organization"},"potentialAction":[{"@type":"SearchAction","target":{"@type":"EntryPoint","urlTemplate":"https:\/\/turcon.es\/wp\/?s={search_term_string}"},"query-input":{"@type":"PropertyValueSpecification","valueRequired":true,"valueName":"search_term_string"}}],"inLanguage":"es"},{"@type":"Organization","@id":"https:\/\/turcon.es\/wp\/#organization","name":"Colectivo Ecologista Turcon","url":"https:\/\/turcon.es\/wp\/","logo":{"@type":"ImageObject","inLanguage":"es","@id":"https:\/\/turcon.es\/wp\/#\/schema\/logo\/image\/","url":"https:\/\/turcon.es\/wp\/wp-content\/uploads\/2025\/03\/logo-verde.svg","contentUrl":"https:\/\/turcon.es\/wp\/wp-content\/uploads\/2025\/03\/logo-verde.svg","width":813,"height":813,"caption":"Colectivo Ecologista Turcon"},"image":{"@id":"https:\/\/turcon.es\/wp\/#\/schema\/logo\/image\/"}},{"@type":"Person","@id":"https:\/\/turcon.es\/wp\/#\/schema\/person\/a1f3ba727ce031d9da17684affe85edd","name":"Laura Fernandez","image":{"@type":"ImageObject","inLanguage":"es","@id":"https:\/\/turcon.es\/wp\/#\/schema\/person\/image\/","url":"https:\/\/secure.gravatar.com\/avatar\/360749af9549af22e54582d50231ae56e854210ae2368797ba242f445a9852e8?s=96&d=mm&r=g","contentUrl":"https:\/\/secure.gravatar.com\/avatar\/360749af9549af22e54582d50231ae56e854210ae2368797ba242f445a9852e8?s=96&d=mm&r=g","caption":"Laura Fernandez"},"url":"https:\/\/turcon.es\/wp\/author\/admturcon\/"}]}},"_links":{"self":[{"href":"https:\/\/turcon.es\/wp\/wp-json\/wp\/v2\/posts\/9213","targetHints":{"allow":["GET"]}}],"collection":[{"href":"https:\/\/turcon.es\/wp\/wp-json\/wp\/v2\/posts"}],"about":[{"href":"https:\/\/turcon.es\/wp\/wp-json\/wp\/v2\/types\/post"}],"author":[{"embeddable":true,"href":"https:\/\/turcon.es\/wp\/wp-json\/wp\/v2\/users\/2"}],"replies":[{"embeddable":true,"href":"https:\/\/turcon.es\/wp\/wp-json\/wp\/v2\/comments?post=9213"}],"version-history":[{"count":0,"href":"https:\/\/turcon.es\/wp\/wp-json\/wp\/v2\/posts\/9213\/revisions"}],"wp:attachment":[{"href":"https:\/\/turcon.es\/wp\/wp-json\/wp\/v2\/media?parent=9213"}],"wp:term":[{"taxonomy":"category","embeddable":true,"href":"https:\/\/turcon.es\/wp\/wp-json\/wp\/v2\/categories?post=9213"},{"taxonomy":"post_tag","embeddable":true,"href":"https:\/\/turcon.es\/wp\/wp-json\/wp\/v2\/tags?post=9213"}],"curies":[{"name":"wp","href":"https:\/\/api.w.org\/{rel}","templated":true}]}}