{"id":9259,"date":"2012-12-12T08:38:14","date_gmt":"2012-12-12T08:38:14","guid":{"rendered":"http:\/\/turcon.wordpress.com\/?p=9259"},"modified":"2012-12-12T08:38:14","modified_gmt":"2012-12-12T08:38:14","slug":"presentacion-del-libro-descubriendo-gran-canaria-reserva-de-la-biosfera-en-el-museo-elder","status":"publish","type":"post","link":"https:\/\/turcon.es\/wp\/presentacion-del-libro-descubriendo-gran-canaria-reserva-de-la-biosfera-en-el-museo-elder\/","title":{"rendered":"Presentaci\u00f3n del libro Descubriendo Gran Canaria: Reserva de la Biosfera en el Museo Elder."},"content":{"rendered":"<p style=\"text-align:justify;\" align=\"center\"><span style=\"color:#800000;\"><b>TURC\u00d3N-Ecologistas en Acci\u00f3n\u00a0<\/b><b>presentar\u00e1 el libro\u00a0<\/b><b>Descubriendo Gran Canaria: Reserva de la Biosfera<\/b><b>\u00a0<\/b><b>en el Museo Elder.<\/b><\/span><\/p>\n<p style=\"text-align:justify;\" align=\"center\">\n<p style=\"text-align:justify;\" align=\"center\"><span style=\"color:#800000;\"><b>Ser\u00e1 el jueves d\u00eda 13 de diciembre, a las 20:00 horas.<\/b><\/span><\/p>\n<p><b>\u201cDescubriendo Gran Canaria: Reserva de la Biosfera\u201d <\/b>es un libro de senderismo que propone visitas a espacios naturales y culturales de Gran Canaria, escrito por el colaborador de Turc\u00f3n y escritor medio-<\/p>\n<p><a href=\"http:\/\/turcon.es\/wp\/wp-content\/uploads\/2012\/12\/enganchate-a-gc-2-web.jpg\"><img fetchpriority=\"high\" decoding=\"async\" class=\"alignright size-medium wp-image-9260\" alt=\"enganchate a GC-2-web\" src=\"http:\/\/turcon.es\/wp\/wp-content\/uploads\/2012\/12\/enganchate-a-gc-2-web.jpg?w=300\" width=\"300\" height=\"224\" srcset=\"https:\/\/turcon.es\/wp\/wp-content\/uploads\/2012\/12\/enganchate-a-gc-2-web.jpg 448w, https:\/\/turcon.es\/wp\/wp-content\/uploads\/2012\/12\/enganchate-a-gc-2-web-300x225.jpg 300w\" sizes=\"(max-width: 300px) 100vw, 300px\" \/><\/a><\/p>\n<p>ambiental, <b>\u00c1lvaro Monz\u00f3n Santana<\/b>. El libro se presenta en un formato archivador que incluye 30 fichas que se pueden llevar de manera individual al campo. Est\u00e1n coloreadas seg\u00fan la graduaci\u00f3n de dureza y dificultad de cada ruta. Hasta cinco niveles diferentes, que van, desde el nivel \u201cbajo-familiar\u201d (color verde claro), hasta el nivel \u201cmuy alto\u201d (color rojo intenso) que incluye una ruta de 28 km.\u00a0 El autor ha querido empezar el libro por rutas circulares, suaves y aptas para todos los p\u00fablicos, pensando adem\u00e1s en rutas familiares que puedan disfrutar los ni\u00f1os. Tal como manifiesta es necesario ir haciendo \u201ccantera\u201d fomentando para ello los paseos cortos y bonitos, sin olvidarnos de los senderistas m\u00e1s exigentes que quieren rutas nuevas e in\u00e9ditas (no publicadas hasta el momento) lo que seguramente ser\u00e1 un aliciente para los m\u00e1s aventureros. Para ellos son las \u00faltimas rutas del libro.<\/p>\n<p>En total se describen unos 304 km de caminos y veredas. El 58 % de los itinerarios discurren dentro de los l\u00edmites de la Reserva de la Biosfera de Gran Canaria, y por ello hemos querido subtitular el libro con la denominaci\u00f3n de la Unesco concedida el a\u00f1o 2005. Existen unas 563 reservas de la biosfera, distribuidas por 110 pa\u00edses diferentes. Son seleccionadas por su inter\u00e9s cient\u00edfico, bas\u00e1ndose en una serie de criterios que determinan si un espacio se incluye, o no, en el programa. La funci\u00f3n de estas reservas es, adem\u00e1s de la conservaci\u00f3n y protecci\u00f3n de la biodiversidad, tambi\u00e9n el desarrollo econ\u00f3mico y humano de estas zonas, la investigaci\u00f3n, la educaci\u00f3n y el intercambio de informaci\u00f3n entre las diferentes reservas, que forman una red mundial.<\/p>\n<p>Los ecologistas anima a todos a \u201ccaminar\u201d junto al autor del libro y participar en la pr\u00f3xima presentaci\u00f3n del libro <b><i>Descubriendo Gran Canaria: Reserva de la Biosfera.<\/i><\/b><\/p>\n<p>Ser\u00e1 el jueves, d\u00eda <b>13 de diciembre<\/b>, a las 20:00 horas, en el Museo Elder de la Ciencia y la Tecnolog\u00eda de Las Palmas de Gran Canaria.<\/p>\n<p>En esta ocasi\u00f3n el Profesor Dr. Don Antonio Falc\u00f3n Martel, Vice<\/p>\n<p><a href=\"http:\/\/turcon.es\/wp\/wp-content\/uploads\/2012\/07\/portada-libro.jpg\"><img decoding=\"async\" class=\"alignright size-full wp-image-8779\" alt=\"portada libro\" src=\"http:\/\/turcon.es\/wp\/wp-content\/uploads\/2012\/07\/portada-libro.jpg\" width=\"161\" height=\"199\" \/><\/a><\/p>\n<p>rrector de Investigaci\u00f3n, Desarrollo e Innovaci\u00f3n de la Universidad de Las Palmas de Gran Canaria, fundador del Aula de Energ\u00eda y Sostenibilidad de la ULPGC, ser\u00e1 el encargado de presentar al autor.<\/p>\n<p>&nbsp;<\/p>\n<p>Para m\u00e1s informaci\u00f3n contactar con el autor, en su e-mail: <a href=\"mailto:alvaromonzon@gmail.com\">alvaromonzon@gmail.com<\/a><\/p>\n<p>&nbsp;<\/p>\n<p>&nbsp;<\/p>\n<p>&nbsp;<\/p>\n","protected":false},"excerpt":{"rendered":"<p>TURC\u00d3N-Ecologistas en Acci\u00f3n\u00a0presentar\u00e1 el libro\u00a0Descubriendo Gran Canaria: Reserva de la Biosfera\u00a0en el Museo Elder. Ser\u00e1 el jueves d\u00eda 13 de diciembre, a las 20:00 horas. \u201cDescubriendo Gran Canaria: Reserva de la Biosfera\u201d es un libro de senderismo que propone visitas a espacios naturales y culturales de Gran Canaria, escrito por el colaborador de Turc\u00f3n y [&hellip;]<\/p>\n","protected":false},"author":2,"featured_media":0,"comment_status":"open","ping_status":"open","sticky":false,"template":"","format":"standard","meta":{"footnotes":""},"categories":[6,41,46,54,57],"tags":[],"class_list":["post-9259","post","type-post","status-publish","format-standard","hentry","category-actividades-turcon","category-gran-canaria","category-notas-de-prensa-de-turcon","category-recomendamos-para-leer-ver-y-escuchar","category-senderismo"],"yoast_head":"<!-- This site is optimized with the Yoast SEO plugin v26.3 - https:\/\/yoast.com\/wordpress\/plugins\/seo\/ -->\n<title>Presentaci\u00f3n del libro Descubriendo Gran Canaria: Reserva de la Biosfera en el Museo Elder. - Colectivo Ecologista Turcon<\/title>\n<meta name=\"robots\" content=\"index, follow, max-snippet:-1, max-image-preview:large, max-video-preview:-1\" \/>\n<link rel=\"canonical\" href=\"https:\/\/turcon.es\/wp\/presentacion-del-libro-descubriendo-gran-canaria-reserva-de-la-biosfera-en-el-museo-elder\/\" \/>\n<meta property=\"og:locale\" content=\"es_ES\" \/>\n<meta property=\"og:type\" content=\"article\" \/>\n<meta property=\"og:title\" content=\"Presentaci\u00f3n del libro Descubriendo Gran Canaria: Reserva de la Biosfera en el Museo Elder. - Colectivo Ecologista Turcon\" \/>\n<meta property=\"og:description\" content=\"TURC\u00d3N-Ecologistas en Acci\u00f3n\u00a0presentar\u00e1 el libro\u00a0Descubriendo Gran Canaria: Reserva de la Biosfera\u00a0en el Museo Elder. Ser\u00e1 el jueves d\u00eda 13 de diciembre, a las 20:00 horas. \u201cDescubriendo Gran Canaria: Reserva de la Biosfera\u201d es un libro de senderismo que propone visitas a espacios naturales y culturales de Gran Canaria, escrito por el colaborador de Turc\u00f3n y [&hellip;]\" \/>\n<meta property=\"og:url\" content=\"https:\/\/turcon.es\/wp\/presentacion-del-libro-descubriendo-gran-canaria-reserva-de-la-biosfera-en-el-museo-elder\/\" \/>\n<meta property=\"og:site_name\" content=\"Colectivo Ecologista Turcon\" \/>\n<meta property=\"article:published_time\" content=\"2012-12-12T08:38:14+00:00\" \/>\n<meta property=\"og:image\" content=\"https:\/\/turcon.es\/wp\/wp-content\/uploads\/2012\/12\/enganchate-a-gc-2-web.jpg\" \/>\n\t<meta property=\"og:image:width\" content=\"448\" \/>\n\t<meta property=\"og:image:height\" content=\"336\" \/>\n\t<meta property=\"og:image:type\" content=\"image\/jpeg\" \/>\n<meta name=\"author\" content=\"Laura Fernandez\" \/>\n<meta name=\"twitter:card\" content=\"summary_large_image\" \/>\n<meta name=\"twitter:label1\" content=\"Escrito por\" \/>\n\t<meta name=\"twitter:data1\" content=\"Laura Fernandez\" \/>\n\t<meta name=\"twitter:label2\" content=\"Tiempo de lectura\" \/>\n\t<meta name=\"twitter:data2\" content=\"2 minutos\" \/>\n<script type=\"application\/ld+json\" class=\"yoast-schema-graph\">{\"@context\":\"https:\/\/schema.org\",\"@graph\":[{\"@type\":\"Article\",\"@id\":\"https:\/\/turcon.es\/wp\/presentacion-del-libro-descubriendo-gran-canaria-reserva-de-la-biosfera-en-el-museo-elder\/#article\",\"isPartOf\":{\"@id\":\"https:\/\/turcon.es\/wp\/presentacion-del-libro-descubriendo-gran-canaria-reserva-de-la-biosfera-en-el-museo-elder\/\"},\"author\":{\"name\":\"Laura Fernandez\",\"@id\":\"https:\/\/turcon.es\/wp\/#\/schema\/person\/a1f3ba727ce031d9da17684affe85edd\"},\"headline\":\"Presentaci\u00f3n del libro Descubriendo Gran Canaria: Reserva de la Biosfera en el Museo Elder.\",\"datePublished\":\"2012-12-12T08:38:14+00:00\",\"mainEntityOfPage\":{\"@id\":\"https:\/\/turcon.es\/wp\/presentacion-del-libro-descubriendo-gran-canaria-reserva-de-la-biosfera-en-el-museo-elder\/\"},\"wordCount\":489,\"commentCount\":0,\"publisher\":{\"@id\":\"https:\/\/turcon.es\/wp\/#organization\"},\"image\":{\"@id\":\"https:\/\/turcon.es\/wp\/presentacion-del-libro-descubriendo-gran-canaria-reserva-de-la-biosfera-en-el-museo-elder\/#primaryimage\"},\"thumbnailUrl\":\"http:\/\/turcon.es\/wp\/wp-content\/uploads\/2012\/12\/enganchate-a-gc-2-web.jpg?w=300\",\"articleSection\":[\"#Actividades Turc\u00f3n#\",\"Gran Canaria\",\"Notas de prensa de Turc\u00f3n\",\"Recomendamos para leer, ver y escuchar...\",\"Senderismo\"],\"inLanguage\":\"es\",\"potentialAction\":[{\"@type\":\"CommentAction\",\"name\":\"Comment\",\"target\":[\"https:\/\/turcon.es\/wp\/presentacion-del-libro-descubriendo-gran-canaria-reserva-de-la-biosfera-en-el-museo-elder\/#respond\"]}]},{\"@type\":\"WebPage\",\"@id\":\"https:\/\/turcon.es\/wp\/presentacion-del-libro-descubriendo-gran-canaria-reserva-de-la-biosfera-en-el-museo-elder\/\",\"url\":\"https:\/\/turcon.es\/wp\/presentacion-del-libro-descubriendo-gran-canaria-reserva-de-la-biosfera-en-el-museo-elder\/\",\"name\":\"Presentaci\u00f3n del libro Descubriendo Gran Canaria: Reserva de la Biosfera en el Museo Elder. - Colectivo Ecologista Turcon\",\"isPartOf\":{\"@id\":\"https:\/\/turcon.es\/wp\/#website\"},\"primaryImageOfPage\":{\"@id\":\"https:\/\/turcon.es\/wp\/presentacion-del-libro-descubriendo-gran-canaria-reserva-de-la-biosfera-en-el-museo-elder\/#primaryimage\"},\"image\":{\"@id\":\"https:\/\/turcon.es\/wp\/presentacion-del-libro-descubriendo-gran-canaria-reserva-de-la-biosfera-en-el-museo-elder\/#primaryimage\"},\"thumbnailUrl\":\"http:\/\/turcon.es\/wp\/wp-content\/uploads\/2012\/12\/enganchate-a-gc-2-web.jpg?w=300\",\"datePublished\":\"2012-12-12T08:38:14+00:00\",\"breadcrumb\":{\"@id\":\"https:\/\/turcon.es\/wp\/presentacion-del-libro-descubriendo-gran-canaria-reserva-de-la-biosfera-en-el-museo-elder\/#breadcrumb\"},\"inLanguage\":\"es\",\"potentialAction\":[{\"@type\":\"ReadAction\",\"target\":[\"https:\/\/turcon.es\/wp\/presentacion-del-libro-descubriendo-gran-canaria-reserva-de-la-biosfera-en-el-museo-elder\/\"]}]},{\"@type\":\"ImageObject\",\"inLanguage\":\"es\",\"@id\":\"https:\/\/turcon.es\/wp\/presentacion-del-libro-descubriendo-gran-canaria-reserva-de-la-biosfera-en-el-museo-elder\/#primaryimage\",\"url\":\"http:\/\/turcon.es\/wp\/wp-content\/uploads\/2012\/12\/enganchate-a-gc-2-web.jpg?w=300\",\"contentUrl\":\"http:\/\/turcon.es\/wp\/wp-content\/uploads\/2012\/12\/enganchate-a-gc-2-web.jpg?w=300\"},{\"@type\":\"BreadcrumbList\",\"@id\":\"https:\/\/turcon.es\/wp\/presentacion-del-libro-descubriendo-gran-canaria-reserva-de-la-biosfera-en-el-museo-elder\/#breadcrumb\",\"itemListElement\":[{\"@type\":\"ListItem\",\"position\":1,\"name\":\"Portada\",\"item\":\"https:\/\/turcon.es\/wp\/\"},{\"@type\":\"ListItem\",\"position\":2,\"name\":\"Presentaci\u00f3n del libro Descubriendo Gran Canaria: Reserva de la Biosfera en el Museo Elder.\"}]},{\"@type\":\"WebSite\",\"@id\":\"https:\/\/turcon.es\/wp\/#website\",\"url\":\"https:\/\/turcon.es\/wp\/\",\"name\":\"Colectivo Ecologista Turcon\",\"description\":\"\",\"publisher\":{\"@id\":\"https:\/\/turcon.es\/wp\/#organization\"},\"potentialAction\":[{\"@type\":\"SearchAction\",\"target\":{\"@type\":\"EntryPoint\",\"urlTemplate\":\"https:\/\/turcon.es\/wp\/?s={search_term_string}\"},\"query-input\":{\"@type\":\"PropertyValueSpecification\",\"valueRequired\":true,\"valueName\":\"search_term_string\"}}],\"inLanguage\":\"es\"},{\"@type\":\"Organization\",\"@id\":\"https:\/\/turcon.es\/wp\/#organization\",\"name\":\"Colectivo Ecologista Turcon\",\"url\":\"https:\/\/turcon.es\/wp\/\",\"logo\":{\"@type\":\"ImageObject\",\"inLanguage\":\"es\",\"@id\":\"https:\/\/turcon.es\/wp\/#\/schema\/logo\/image\/\",\"url\":\"https:\/\/turcon.es\/wp\/wp-content\/uploads\/2025\/03\/logo-verde.svg\",\"contentUrl\":\"https:\/\/turcon.es\/wp\/wp-content\/uploads\/2025\/03\/logo-verde.svg\",\"width\":813,\"height\":813,\"caption\":\"Colectivo Ecologista Turcon\"},\"image\":{\"@id\":\"https:\/\/turcon.es\/wp\/#\/schema\/logo\/image\/\"}},{\"@type\":\"Person\",\"@id\":\"https:\/\/turcon.es\/wp\/#\/schema\/person\/a1f3ba727ce031d9da17684affe85edd\",\"name\":\"Laura Fernandez\",\"image\":{\"@type\":\"ImageObject\",\"inLanguage\":\"es\",\"@id\":\"https:\/\/turcon.es\/wp\/#\/schema\/person\/image\/\",\"url\":\"https:\/\/secure.gravatar.com\/avatar\/360749af9549af22e54582d50231ae56e854210ae2368797ba242f445a9852e8?s=96&d=mm&r=g\",\"contentUrl\":\"https:\/\/secure.gravatar.com\/avatar\/360749af9549af22e54582d50231ae56e854210ae2368797ba242f445a9852e8?s=96&d=mm&r=g\",\"caption\":\"Laura Fernandez\"},\"url\":\"https:\/\/turcon.es\/wp\/author\/admturcon\/\"}]}<\/script>\n<!-- \/ Yoast SEO plugin. -->","yoast_head_json":{"title":"Presentaci\u00f3n del libro Descubriendo Gran Canaria: Reserva de la Biosfera en el Museo Elder. - Colectivo Ecologista Turcon","robots":{"index":"index","follow":"follow","max-snippet":"max-snippet:-1","max-image-preview":"max-image-preview:large","max-video-preview":"max-video-preview:-1"},"canonical":"https:\/\/turcon.es\/wp\/presentacion-del-libro-descubriendo-gran-canaria-reserva-de-la-biosfera-en-el-museo-elder\/","og_locale":"es_ES","og_type":"article","og_title":"Presentaci\u00f3n del libro Descubriendo Gran Canaria: Reserva de la Biosfera en el Museo Elder. - Colectivo Ecologista Turcon","og_description":"TURC\u00d3N-Ecologistas en Acci\u00f3n\u00a0presentar\u00e1 el libro\u00a0Descubriendo Gran Canaria: Reserva de la Biosfera\u00a0en el Museo Elder. Ser\u00e1 el jueves d\u00eda 13 de diciembre, a las 20:00 horas. \u201cDescubriendo Gran Canaria: Reserva de la Biosfera\u201d es un libro de senderismo que propone visitas a espacios naturales y culturales de Gran Canaria, escrito por el colaborador de Turc\u00f3n y [&hellip;]","og_url":"https:\/\/turcon.es\/wp\/presentacion-del-libro-descubriendo-gran-canaria-reserva-de-la-biosfera-en-el-museo-elder\/","og_site_name":"Colectivo Ecologista Turcon","article_published_time":"2012-12-12T08:38:14+00:00","og_image":[{"width":448,"height":336,"url":"https:\/\/turcon.es\/wp\/wp-content\/uploads\/2012\/12\/enganchate-a-gc-2-web.jpg","type":"image\/jpeg"}],"author":"Laura Fernandez","twitter_card":"summary_large_image","twitter_misc":{"Escrito por":"Laura Fernandez","Tiempo de lectura":"2 minutos"},"schema":{"@context":"https:\/\/schema.org","@graph":[{"@type":"Article","@id":"https:\/\/turcon.es\/wp\/presentacion-del-libro-descubriendo-gran-canaria-reserva-de-la-biosfera-en-el-museo-elder\/#article","isPartOf":{"@id":"https:\/\/turcon.es\/wp\/presentacion-del-libro-descubriendo-gran-canaria-reserva-de-la-biosfera-en-el-museo-elder\/"},"author":{"name":"Laura Fernandez","@id":"https:\/\/turcon.es\/wp\/#\/schema\/person\/a1f3ba727ce031d9da17684affe85edd"},"headline":"Presentaci\u00f3n del libro Descubriendo Gran Canaria: Reserva de la Biosfera en el Museo Elder.","datePublished":"2012-12-12T08:38:14+00:00","mainEntityOfPage":{"@id":"https:\/\/turcon.es\/wp\/presentacion-del-libro-descubriendo-gran-canaria-reserva-de-la-biosfera-en-el-museo-elder\/"},"wordCount":489,"commentCount":0,"publisher":{"@id":"https:\/\/turcon.es\/wp\/#organization"},"image":{"@id":"https:\/\/turcon.es\/wp\/presentacion-del-libro-descubriendo-gran-canaria-reserva-de-la-biosfera-en-el-museo-elder\/#primaryimage"},"thumbnailUrl":"http:\/\/turcon.es\/wp\/wp-content\/uploads\/2012\/12\/enganchate-a-gc-2-web.jpg?w=300","articleSection":["#Actividades Turc\u00f3n#","Gran Canaria","Notas de prensa de Turc\u00f3n","Recomendamos para leer, ver y escuchar...","Senderismo"],"inLanguage":"es","potentialAction":[{"@type":"CommentAction","name":"Comment","target":["https:\/\/turcon.es\/wp\/presentacion-del-libro-descubriendo-gran-canaria-reserva-de-la-biosfera-en-el-museo-elder\/#respond"]}]},{"@type":"WebPage","@id":"https:\/\/turcon.es\/wp\/presentacion-del-libro-descubriendo-gran-canaria-reserva-de-la-biosfera-en-el-museo-elder\/","url":"https:\/\/turcon.es\/wp\/presentacion-del-libro-descubriendo-gran-canaria-reserva-de-la-biosfera-en-el-museo-elder\/","name":"Presentaci\u00f3n del libro Descubriendo Gran Canaria: Reserva de la Biosfera en el Museo Elder. - Colectivo Ecologista Turcon","isPartOf":{"@id":"https:\/\/turcon.es\/wp\/#website"},"primaryImageOfPage":{"@id":"https:\/\/turcon.es\/wp\/presentacion-del-libro-descubriendo-gran-canaria-reserva-de-la-biosfera-en-el-museo-elder\/#primaryimage"},"image":{"@id":"https:\/\/turcon.es\/wp\/presentacion-del-libro-descubriendo-gran-canaria-reserva-de-la-biosfera-en-el-museo-elder\/#primaryimage"},"thumbnailUrl":"http:\/\/turcon.es\/wp\/wp-content\/uploads\/2012\/12\/enganchate-a-gc-2-web.jpg?w=300","datePublished":"2012-12-12T08:38:14+00:00","breadcrumb":{"@id":"https:\/\/turcon.es\/wp\/presentacion-del-libro-descubriendo-gran-canaria-reserva-de-la-biosfera-en-el-museo-elder\/#breadcrumb"},"inLanguage":"es","potentialAction":[{"@type":"ReadAction","target":["https:\/\/turcon.es\/wp\/presentacion-del-libro-descubriendo-gran-canaria-reserva-de-la-biosfera-en-el-museo-elder\/"]}]},{"@type":"ImageObject","inLanguage":"es","@id":"https:\/\/turcon.es\/wp\/presentacion-del-libro-descubriendo-gran-canaria-reserva-de-la-biosfera-en-el-museo-elder\/#primaryimage","url":"http:\/\/turcon.es\/wp\/wp-content\/uploads\/2012\/12\/enganchate-a-gc-2-web.jpg?w=300","contentUrl":"http:\/\/turcon.es\/wp\/wp-content\/uploads\/2012\/12\/enganchate-a-gc-2-web.jpg?w=300"},{"@type":"BreadcrumbList","@id":"https:\/\/turcon.es\/wp\/presentacion-del-libro-descubriendo-gran-canaria-reserva-de-la-biosfera-en-el-museo-elder\/#breadcrumb","itemListElement":[{"@type":"ListItem","position":1,"name":"Portada","item":"https:\/\/turcon.es\/wp\/"},{"@type":"ListItem","position":2,"name":"Presentaci\u00f3n del libro Descubriendo Gran Canaria: Reserva de la Biosfera en el Museo Elder."}]},{"@type":"WebSite","@id":"https:\/\/turcon.es\/wp\/#website","url":"https:\/\/turcon.es\/wp\/","name":"Colectivo Ecologista Turcon","description":"","publisher":{"@id":"https:\/\/turcon.es\/wp\/#organization"},"potentialAction":[{"@type":"SearchAction","target":{"@type":"EntryPoint","urlTemplate":"https:\/\/turcon.es\/wp\/?s={search_term_string}"},"query-input":{"@type":"PropertyValueSpecification","valueRequired":true,"valueName":"search_term_string"}}],"inLanguage":"es"},{"@type":"Organization","@id":"https:\/\/turcon.es\/wp\/#organization","name":"Colectivo Ecologista Turcon","url":"https:\/\/turcon.es\/wp\/","logo":{"@type":"ImageObject","inLanguage":"es","@id":"https:\/\/turcon.es\/wp\/#\/schema\/logo\/image\/","url":"https:\/\/turcon.es\/wp\/wp-content\/uploads\/2025\/03\/logo-verde.svg","contentUrl":"https:\/\/turcon.es\/wp\/wp-content\/uploads\/2025\/03\/logo-verde.svg","width":813,"height":813,"caption":"Colectivo Ecologista Turcon"},"image":{"@id":"https:\/\/turcon.es\/wp\/#\/schema\/logo\/image\/"}},{"@type":"Person","@id":"https:\/\/turcon.es\/wp\/#\/schema\/person\/a1f3ba727ce031d9da17684affe85edd","name":"Laura Fernandez","image":{"@type":"ImageObject","inLanguage":"es","@id":"https:\/\/turcon.es\/wp\/#\/schema\/person\/image\/","url":"https:\/\/secure.gravatar.com\/avatar\/360749af9549af22e54582d50231ae56e854210ae2368797ba242f445a9852e8?s=96&d=mm&r=g","contentUrl":"https:\/\/secure.gravatar.com\/avatar\/360749af9549af22e54582d50231ae56e854210ae2368797ba242f445a9852e8?s=96&d=mm&r=g","caption":"Laura Fernandez"},"url":"https:\/\/turcon.es\/wp\/author\/admturcon\/"}]}},"_links":{"self":[{"href":"https:\/\/turcon.es\/wp\/wp-json\/wp\/v2\/posts\/9259","targetHints":{"allow":["GET"]}}],"collection":[{"href":"https:\/\/turcon.es\/wp\/wp-json\/wp\/v2\/posts"}],"about":[{"href":"https:\/\/turcon.es\/wp\/wp-json\/wp\/v2\/types\/post"}],"author":[{"embeddable":true,"href":"https:\/\/turcon.es\/wp\/wp-json\/wp\/v2\/users\/2"}],"replies":[{"embeddable":true,"href":"https:\/\/turcon.es\/wp\/wp-json\/wp\/v2\/comments?post=9259"}],"version-history":[{"count":0,"href":"https:\/\/turcon.es\/wp\/wp-json\/wp\/v2\/posts\/9259\/revisions"}],"wp:attachment":[{"href":"https:\/\/turcon.es\/wp\/wp-json\/wp\/v2\/media?parent=9259"}],"wp:term":[{"taxonomy":"category","embeddable":true,"href":"https:\/\/turcon.es\/wp\/wp-json\/wp\/v2\/categories?post=9259"},{"taxonomy":"post_tag","embeddable":true,"href":"https:\/\/turcon.es\/wp\/wp-json\/wp\/v2\/tags?post=9259"}],"curies":[{"name":"wp","href":"https:\/\/api.w.org\/{rel}","templated":true}]}}