{"id":9311,"date":"2013-01-06T22:42:53","date_gmt":"2013-01-06T22:42:53","guid":{"rendered":"http:\/\/turcon.wordpress.com\/?p=9311"},"modified":"2013-01-06T22:42:53","modified_gmt":"2013-01-06T22:42:53","slug":"la-felicidad-en-la-montana","status":"publish","type":"post","link":"https:\/\/turcon.es\/wp\/la-felicidad-en-la-montana\/","title":{"rendered":"La felicidad en la monta\u00f1a"},"content":{"rendered":"<p style=\"text-align:justify;\" align=\"right\"><span style=\"color:#800000;\"><strong>Victor acompa\u00f1a a su madre en una ruta de senderismo por el interior de la isla de Gran Canaria. Es un adolescente que dibuja en su cara una alegr\u00eda contenida. Se ha levantado muy temprano con la ilusi\u00f3n de un aut\u00e9ntico aventurero. Sentado en la guagua que le lleva al inicio de la ruta, mira por la ventana c\u00f3mo a\u00fan no se atisban los primeros rayos solares. Es la \u00faltima ruta del a\u00f1o, previo a las fiestas navide\u00f1as. Sus ojos irradian felicidad.<\/strong><\/span><\/p>\n<p>El joven V\u00edctor sabe que el reto que tiene por delante es aut\u00e9ntico. Jam\u00e1s hab\u00eda llegado tan lejos en una ruta de senderismo, jam\u00e1s hab\u00eda caminado tanto y, nunca, hab\u00eda estado tantas horas en la monta\u00f1a. Emocionado, con una ilusi\u00f3n que no le hab\u00eda dejado dormir en toda la semana.<\/p>\n<p style=\"text-align:center;\"><a href=\"http:\/\/turcon.es\/wp\/wp-content\/uploads\/2013\/01\/felicidad2.jpg\"><img fetchpriority=\"high\" decoding=\"async\" class=\"aligncenter  wp-image-9312\" alt=\"felicidad2\" src=\"http:\/\/turcon.es\/wp\/wp-content\/uploads\/2013\/01\/felicidad2.jpg\" width=\"392\" height=\"262\" srcset=\"https:\/\/turcon.es\/wp\/wp-content\/uploads\/2013\/01\/felicidad2.jpg 436w, https:\/\/turcon.es\/wp\/wp-content\/uploads\/2013\/01\/felicidad2-300x200.jpg 300w\" sizes=\"(max-width: 392px) 100vw, 392px\" \/><\/a><\/p>\n<p>&nbsp;<\/p>\n<p>Escribi\u00f3 <b><i>Martin Seligman<\/i><\/b> dos cosas acerca de la felicidad: que debemos fijarnos m\u00e1s en nuestras fortalezas que en nuestras debilidades, y que no existe una \u00fanica felicidad. Cada persona bebe en unas fuentes distintas para alcanzar \u201csu\u201d propia felicidad.<\/p>\n<p>No cabe duda que V\u00edctor sin empezar a caminar estaba maravillado. Hab\u00eda conseguido plaza y escuchaba, con atenci\u00f3n y fascinaci\u00f3n, lo que el gu\u00eda explicaba del itinerario.<\/p>\n<p><b>Un viaje al centro de la Caldera de Tejeda<\/b><\/p>\n<p>Realizar una ruta a pie por el interior de la Caldera de Tejeda sigue siendo una apasionante aventura. Lo que en su d\u00eda fue un estratovolc\u00e1n de 3.000 metros de altura, tras millones de a\u00f1os de erosi\u00f3n, se ha convertido en un espacio c\u00f3ncavo propicio para la pr\u00e1ctica del senderismo. Equidistante de todo. Cuando llegas al fondo, el silencio te golpea \u2013amablemente- para situarte en el centro del desgarrador paisaje.<!--more--><\/p>\n<p>V\u00edctor, nuestro compa\u00f1ero m\u00e1s joven, escuchaba los nombres de los lugares que iba a conocer: Roque Palm\u00e9s, Roque Mulato, Roque Pajonales, Barranco de El Cofre, Lomo de Juan Mateo, Barranco de Siberio, Parralillo, etc. Pero jam\u00e1s pens\u00f3 que situ\u00e1ndose cerca de ellos iba a sentir lo que Unamuno u, otros viajeros ilustres, sintieron y escribieron \u2013con raz\u00f3n- maravillados por las quebradas monta\u00f1as de Tejeda.<\/p>\n<p>A la sombra del Roque Mulato (en algunos mapas Roque de Los Cofres), un monolito de piedra, inhiesto y arrogante, que se levanta en el centro de la Caldera, unos 80 metros por encima de nuestras cabezas, empeque\u00f1ece cualquier ser humano. En ese momento, V\u00edctor, \u00a0impactado, comprendi\u00f3 la esencia de aquellos escritores que notaron la perspectiva liliputiense al contemplar los colosos p\u00e9treos.<\/p>\n<p><b>El esfuerzo de la aventura<\/b><\/p>\n<p>Cuando lleg\u00f3 al ecuador de la ruta, ya hab\u00eda caminado cinco horas y recorrido unos 11 km por caminos pedregosos, con bajadas y subidas. Hab\u00eda dejado atr\u00e1s lomos, barrancos, planicies, pinos y escobones. Sus articulaciones necesitaban un descanso y, nunca mejor, que la antigua casa de Juan Mateo. Un hito en la geograf\u00eda de la Caldera de Tejeda, donde solo llegan los m\u00e1s atrevidos, los m\u00e1s experimentados, los aventureros.<a href=\"http:\/\/turcon.es\/wp\/wp-content\/uploads\/2013\/01\/imgreducido.jpg\"><img decoding=\"async\" class=\"alignright  wp-image-9316\" alt=\"IMGreducido\" src=\"http:\/\/turcon.es\/wp\/wp-content\/uploads\/2013\/01\/imgreducido.jpg\" width=\"358\" height=\"269\" \/><\/a><\/p>\n<p>Pero el reto no hab\u00eda concluido. La pasi\u00f3n por la monta\u00f1a te lleva a descubrir e imaginar que eres el primero en estar all\u00ed, que vas a atravesar el exuberante barranco de Siberio y que tu coraz\u00f3n palpite como el que aquellos alpinistas que llegaron por primera vez al pico de una monta\u00f1a. V\u00edctor experimentaba lo mismo que los primeros exploradores del Nilo Azul. Es la g\u00e9nesis de la aventura. Llegar doblemente. Llegar t\u00fa y sentir (imaginariamente) que eres el primero en llegar.<\/p>\n<p>Cuando V\u00edctor baj\u00f3 a Siberio oy\u00f3 su cantarina agua que discurr\u00eda por el lecho. Sobre unas rocallas, se despoj\u00f3 de su mochila y se sent\u00f3 a la vera de una poceta llena de agua. El color rojizo de las piedras contrastaba con el verde del ca\u00f1averal. Hab\u00eda recorrido m\u00e1s de 15 km y, en ese momento, record\u00f3 que el esfuerzo hab\u00eda merecido la pena. A\u00fan le quedaban unos cuantos kil\u00f3metros para salir de aquel vergel, del desfiladero donde hab\u00eda entrado. Sin embargo, su cara volv\u00eda a irradiar felicidad, con intermitentes gramos de alegr\u00eda, comprendi\u00f3 que Gran Canaria es una desconocida.<\/p>\n<p><b>Art\u00edculo de opini\u00f3n de \u00c1lvaro Monz\u00f3n Santana<\/b><\/p>\n<p>&nbsp;<\/p>\n<p><b><span style=\"text-decoration:underline;\">Bibliograf\u00eda consultada:<\/span><\/b><\/p>\n<p>P\u00c9REZ TORRADO, Francisco J.: <b><i>Vulcanoestratigraf\u00eda del Grupo Roque Nublo (Gran Canaria<\/i><\/b>), Universidad de Las Palmas de Gran Canaria y Cabildo de Gran Canaria, 2000, 459 pp. ISBN 84-8103-120-8.<\/p>\n<p>P\u00c9REZ TORRADO, Francisco J., y Jos\u00e9 MANGAS VI\u00d1UELA: \u00a0<b><i>Itinerarios geol\u00f3gicos, excursi\u00f3n geotur\u00edstica por Gran Canaria, Tierra y Tecnolog\u00eda<\/i><\/b>, 6 (1993), 16-29.<\/p>\n<p>MONZ\u00d3N SANTANA, \u00c1lvaro J.: <b><i>Descubriendo Gran Canaria: 30 rutas a pie<\/i><\/b>, 1.\u00aa, 2.\u00aa y 3.\u00aa ed., Telde: Colectivo Turc\u00f3n-Ecologistas en Acci\u00f3n, 2004-5, libro, fichas y mapas. ISBN-84-609-8682-9.<\/p>\n<p>MART\u00cdNEZ GARC\u00cdA, Javier: <b><i>Rutas de monta\u00f1a, 50 itinerarios por Gran Canaria<\/i><\/b>, Las Palmas de Gran Canaria: Mapfre Guanarteme, 1993, 168 pp. Dep\u00f3sito legal GC-1028\/1993.<\/p>\n<p><span style=\"text-decoration:underline;\">Art\u00edculos:<\/span><\/p>\n<p><b><i>\u00bfC\u00d3MO SOMOS REALMENTE FELICES?<\/i><\/b> Andr\u00e9s M\u00ednguez Vela. Director del Master de RRHH y Organizaci\u00f3n en Esic Valencia.<\/p>\n<p><b><i>La fragilidad de la monta\u00f1a<\/i><\/b>, \u00c1lvaro Monz\u00f3n Santana, La Provincia-DLP, 3 de marzo de 2000.<\/p>\n<p><b><i>A\u00f1o internacional de las monta\u00f1as<\/i><\/b>, \u00c1lvaro Monz\u00f3n Santana, La Provincia-DLP, 4 de mayo de 2002.<\/p>\n","protected":false},"excerpt":{"rendered":"<p>Victor acompa\u00f1a a su madre en una ruta de senderismo por el interior de la isla de Gran Canaria. Es un adolescente que dibuja en su cara una alegr\u00eda contenida. Se ha levantado muy temprano con la ilusi\u00f3n de un aut\u00e9ntico aventurero. Sentado en la guagua que le lleva al inicio de la ruta, mira [&hellip;]<\/p>\n","protected":false},"author":2,"featured_media":0,"comment_status":"open","ping_status":"open","sticky":false,"template":"","format":"standard","meta":{"footnotes":""},"categories":[6,37,41,57],"tags":[],"class_list":["post-9311","post","type-post","status-publish","format-standard","hentry","category-actividades-turcon","category-espacios-naturales","category-gran-canaria","category-senderismo"],"yoast_head":"<!-- This site is optimized with the Yoast SEO plugin v26.3 - https:\/\/yoast.com\/wordpress\/plugins\/seo\/ -->\n<title>La felicidad en la monta\u00f1a - Colectivo Ecologista Turcon<\/title>\n<meta name=\"robots\" content=\"index, follow, max-snippet:-1, max-image-preview:large, max-video-preview:-1\" \/>\n<link rel=\"canonical\" href=\"https:\/\/turcon.es\/wp\/la-felicidad-en-la-montana\/\" \/>\n<meta property=\"og:locale\" content=\"es_ES\" \/>\n<meta property=\"og:type\" content=\"article\" \/>\n<meta property=\"og:title\" content=\"La felicidad en la monta\u00f1a - Colectivo Ecologista Turcon\" \/>\n<meta property=\"og:description\" content=\"Victor acompa\u00f1a a su madre en una ruta de senderismo por el interior de la isla de Gran Canaria. Es un adolescente que dibuja en su cara una alegr\u00eda contenida. Se ha levantado muy temprano con la ilusi\u00f3n de un aut\u00e9ntico aventurero. Sentado en la guagua que le lleva al inicio de la ruta, mira [&hellip;]\" \/>\n<meta property=\"og:url\" content=\"https:\/\/turcon.es\/wp\/la-felicidad-en-la-montana\/\" \/>\n<meta property=\"og:site_name\" content=\"Colectivo Ecologista Turcon\" \/>\n<meta property=\"article:published_time\" content=\"2013-01-06T22:42:53+00:00\" \/>\n<meta property=\"og:image\" content=\"https:\/\/turcon.es\/wp\/wp-content\/uploads\/2013\/01\/felicidad2.jpg\" \/>\n\t<meta property=\"og:image:width\" content=\"436\" \/>\n\t<meta property=\"og:image:height\" content=\"291\" \/>\n\t<meta property=\"og:image:type\" content=\"image\/jpeg\" \/>\n<meta name=\"author\" content=\"Laura Fernandez\" \/>\n<meta name=\"twitter:card\" content=\"summary_large_image\" \/>\n<meta name=\"twitter:label1\" content=\"Escrito por\" \/>\n\t<meta name=\"twitter:data1\" content=\"Laura Fernandez\" \/>\n\t<meta name=\"twitter:label2\" content=\"Tiempo de lectura\" \/>\n\t<meta name=\"twitter:data2\" content=\"4 minutos\" \/>\n<script type=\"application\/ld+json\" class=\"yoast-schema-graph\">{\"@context\":\"https:\/\/schema.org\",\"@graph\":[{\"@type\":\"Article\",\"@id\":\"https:\/\/turcon.es\/wp\/la-felicidad-en-la-montana\/#article\",\"isPartOf\":{\"@id\":\"https:\/\/turcon.es\/wp\/la-felicidad-en-la-montana\/\"},\"author\":{\"name\":\"Laura Fernandez\",\"@id\":\"https:\/\/turcon.es\/wp\/#\/schema\/person\/a1f3ba727ce031d9da17684affe85edd\"},\"headline\":\"La felicidad en la monta\u00f1a\",\"datePublished\":\"2013-01-06T22:42:53+00:00\",\"mainEntityOfPage\":{\"@id\":\"https:\/\/turcon.es\/wp\/la-felicidad-en-la-montana\/\"},\"wordCount\":905,\"commentCount\":0,\"publisher\":{\"@id\":\"https:\/\/turcon.es\/wp\/#organization\"},\"image\":{\"@id\":\"https:\/\/turcon.es\/wp\/la-felicidad-en-la-montana\/#primaryimage\"},\"thumbnailUrl\":\"http:\/\/turcon.es\/wp\/wp-content\/uploads\/2013\/01\/felicidad2.jpg\",\"articleSection\":[\"#Actividades Turc\u00f3n#\",\"Espacios Naturales\",\"Gran Canaria\",\"Senderismo\"],\"inLanguage\":\"es\",\"potentialAction\":[{\"@type\":\"CommentAction\",\"name\":\"Comment\",\"target\":[\"https:\/\/turcon.es\/wp\/la-felicidad-en-la-montana\/#respond\"]}]},{\"@type\":\"WebPage\",\"@id\":\"https:\/\/turcon.es\/wp\/la-felicidad-en-la-montana\/\",\"url\":\"https:\/\/turcon.es\/wp\/la-felicidad-en-la-montana\/\",\"name\":\"La felicidad en la monta\u00f1a - Colectivo Ecologista Turcon\",\"isPartOf\":{\"@id\":\"https:\/\/turcon.es\/wp\/#website\"},\"primaryImageOfPage\":{\"@id\":\"https:\/\/turcon.es\/wp\/la-felicidad-en-la-montana\/#primaryimage\"},\"image\":{\"@id\":\"https:\/\/turcon.es\/wp\/la-felicidad-en-la-montana\/#primaryimage\"},\"thumbnailUrl\":\"http:\/\/turcon.es\/wp\/wp-content\/uploads\/2013\/01\/felicidad2.jpg\",\"datePublished\":\"2013-01-06T22:42:53+00:00\",\"breadcrumb\":{\"@id\":\"https:\/\/turcon.es\/wp\/la-felicidad-en-la-montana\/#breadcrumb\"},\"inLanguage\":\"es\",\"potentialAction\":[{\"@type\":\"ReadAction\",\"target\":[\"https:\/\/turcon.es\/wp\/la-felicidad-en-la-montana\/\"]}]},{\"@type\":\"ImageObject\",\"inLanguage\":\"es\",\"@id\":\"https:\/\/turcon.es\/wp\/la-felicidad-en-la-montana\/#primaryimage\",\"url\":\"http:\/\/turcon.es\/wp\/wp-content\/uploads\/2013\/01\/felicidad2.jpg\",\"contentUrl\":\"http:\/\/turcon.es\/wp\/wp-content\/uploads\/2013\/01\/felicidad2.jpg\"},{\"@type\":\"BreadcrumbList\",\"@id\":\"https:\/\/turcon.es\/wp\/la-felicidad-en-la-montana\/#breadcrumb\",\"itemListElement\":[{\"@type\":\"ListItem\",\"position\":1,\"name\":\"Portada\",\"item\":\"https:\/\/turcon.es\/wp\/\"},{\"@type\":\"ListItem\",\"position\":2,\"name\":\"La felicidad en la monta\u00f1a\"}]},{\"@type\":\"WebSite\",\"@id\":\"https:\/\/turcon.es\/wp\/#website\",\"url\":\"https:\/\/turcon.es\/wp\/\",\"name\":\"Colectivo Ecologista Turcon\",\"description\":\"\",\"publisher\":{\"@id\":\"https:\/\/turcon.es\/wp\/#organization\"},\"potentialAction\":[{\"@type\":\"SearchAction\",\"target\":{\"@type\":\"EntryPoint\",\"urlTemplate\":\"https:\/\/turcon.es\/wp\/?s={search_term_string}\"},\"query-input\":{\"@type\":\"PropertyValueSpecification\",\"valueRequired\":true,\"valueName\":\"search_term_string\"}}],\"inLanguage\":\"es\"},{\"@type\":\"Organization\",\"@id\":\"https:\/\/turcon.es\/wp\/#organization\",\"name\":\"Colectivo Ecologista Turcon\",\"url\":\"https:\/\/turcon.es\/wp\/\",\"logo\":{\"@type\":\"ImageObject\",\"inLanguage\":\"es\",\"@id\":\"https:\/\/turcon.es\/wp\/#\/schema\/logo\/image\/\",\"url\":\"https:\/\/turcon.es\/wp\/wp-content\/uploads\/2025\/03\/logo-verde.svg\",\"contentUrl\":\"https:\/\/turcon.es\/wp\/wp-content\/uploads\/2025\/03\/logo-verde.svg\",\"width\":813,\"height\":813,\"caption\":\"Colectivo Ecologista Turcon\"},\"image\":{\"@id\":\"https:\/\/turcon.es\/wp\/#\/schema\/logo\/image\/\"}},{\"@type\":\"Person\",\"@id\":\"https:\/\/turcon.es\/wp\/#\/schema\/person\/a1f3ba727ce031d9da17684affe85edd\",\"name\":\"Laura Fernandez\",\"image\":{\"@type\":\"ImageObject\",\"inLanguage\":\"es\",\"@id\":\"https:\/\/turcon.es\/wp\/#\/schema\/person\/image\/\",\"url\":\"https:\/\/secure.gravatar.com\/avatar\/360749af9549af22e54582d50231ae56e854210ae2368797ba242f445a9852e8?s=96&d=mm&r=g\",\"contentUrl\":\"https:\/\/secure.gravatar.com\/avatar\/360749af9549af22e54582d50231ae56e854210ae2368797ba242f445a9852e8?s=96&d=mm&r=g\",\"caption\":\"Laura Fernandez\"},\"url\":\"https:\/\/turcon.es\/wp\/author\/admturcon\/\"}]}<\/script>\n<!-- \/ Yoast SEO plugin. -->","yoast_head_json":{"title":"La felicidad en la monta\u00f1a - Colectivo Ecologista Turcon","robots":{"index":"index","follow":"follow","max-snippet":"max-snippet:-1","max-image-preview":"max-image-preview:large","max-video-preview":"max-video-preview:-1"},"canonical":"https:\/\/turcon.es\/wp\/la-felicidad-en-la-montana\/","og_locale":"es_ES","og_type":"article","og_title":"La felicidad en la monta\u00f1a - Colectivo Ecologista Turcon","og_description":"Victor acompa\u00f1a a su madre en una ruta de senderismo por el interior de la isla de Gran Canaria. Es un adolescente que dibuja en su cara una alegr\u00eda contenida. Se ha levantado muy temprano con la ilusi\u00f3n de un aut\u00e9ntico aventurero. Sentado en la guagua que le lleva al inicio de la ruta, mira [&hellip;]","og_url":"https:\/\/turcon.es\/wp\/la-felicidad-en-la-montana\/","og_site_name":"Colectivo Ecologista Turcon","article_published_time":"2013-01-06T22:42:53+00:00","og_image":[{"width":436,"height":291,"url":"https:\/\/turcon.es\/wp\/wp-content\/uploads\/2013\/01\/felicidad2.jpg","type":"image\/jpeg"}],"author":"Laura Fernandez","twitter_card":"summary_large_image","twitter_misc":{"Escrito por":"Laura Fernandez","Tiempo de lectura":"4 minutos"},"schema":{"@context":"https:\/\/schema.org","@graph":[{"@type":"Article","@id":"https:\/\/turcon.es\/wp\/la-felicidad-en-la-montana\/#article","isPartOf":{"@id":"https:\/\/turcon.es\/wp\/la-felicidad-en-la-montana\/"},"author":{"name":"Laura Fernandez","@id":"https:\/\/turcon.es\/wp\/#\/schema\/person\/a1f3ba727ce031d9da17684affe85edd"},"headline":"La felicidad en la monta\u00f1a","datePublished":"2013-01-06T22:42:53+00:00","mainEntityOfPage":{"@id":"https:\/\/turcon.es\/wp\/la-felicidad-en-la-montana\/"},"wordCount":905,"commentCount":0,"publisher":{"@id":"https:\/\/turcon.es\/wp\/#organization"},"image":{"@id":"https:\/\/turcon.es\/wp\/la-felicidad-en-la-montana\/#primaryimage"},"thumbnailUrl":"http:\/\/turcon.es\/wp\/wp-content\/uploads\/2013\/01\/felicidad2.jpg","articleSection":["#Actividades Turc\u00f3n#","Espacios Naturales","Gran Canaria","Senderismo"],"inLanguage":"es","potentialAction":[{"@type":"CommentAction","name":"Comment","target":["https:\/\/turcon.es\/wp\/la-felicidad-en-la-montana\/#respond"]}]},{"@type":"WebPage","@id":"https:\/\/turcon.es\/wp\/la-felicidad-en-la-montana\/","url":"https:\/\/turcon.es\/wp\/la-felicidad-en-la-montana\/","name":"La felicidad en la monta\u00f1a - Colectivo Ecologista Turcon","isPartOf":{"@id":"https:\/\/turcon.es\/wp\/#website"},"primaryImageOfPage":{"@id":"https:\/\/turcon.es\/wp\/la-felicidad-en-la-montana\/#primaryimage"},"image":{"@id":"https:\/\/turcon.es\/wp\/la-felicidad-en-la-montana\/#primaryimage"},"thumbnailUrl":"http:\/\/turcon.es\/wp\/wp-content\/uploads\/2013\/01\/felicidad2.jpg","datePublished":"2013-01-06T22:42:53+00:00","breadcrumb":{"@id":"https:\/\/turcon.es\/wp\/la-felicidad-en-la-montana\/#breadcrumb"},"inLanguage":"es","potentialAction":[{"@type":"ReadAction","target":["https:\/\/turcon.es\/wp\/la-felicidad-en-la-montana\/"]}]},{"@type":"ImageObject","inLanguage":"es","@id":"https:\/\/turcon.es\/wp\/la-felicidad-en-la-montana\/#primaryimage","url":"http:\/\/turcon.es\/wp\/wp-content\/uploads\/2013\/01\/felicidad2.jpg","contentUrl":"http:\/\/turcon.es\/wp\/wp-content\/uploads\/2013\/01\/felicidad2.jpg"},{"@type":"BreadcrumbList","@id":"https:\/\/turcon.es\/wp\/la-felicidad-en-la-montana\/#breadcrumb","itemListElement":[{"@type":"ListItem","position":1,"name":"Portada","item":"https:\/\/turcon.es\/wp\/"},{"@type":"ListItem","position":2,"name":"La felicidad en la monta\u00f1a"}]},{"@type":"WebSite","@id":"https:\/\/turcon.es\/wp\/#website","url":"https:\/\/turcon.es\/wp\/","name":"Colectivo Ecologista Turcon","description":"","publisher":{"@id":"https:\/\/turcon.es\/wp\/#organization"},"potentialAction":[{"@type":"SearchAction","target":{"@type":"EntryPoint","urlTemplate":"https:\/\/turcon.es\/wp\/?s={search_term_string}"},"query-input":{"@type":"PropertyValueSpecification","valueRequired":true,"valueName":"search_term_string"}}],"inLanguage":"es"},{"@type":"Organization","@id":"https:\/\/turcon.es\/wp\/#organization","name":"Colectivo Ecologista Turcon","url":"https:\/\/turcon.es\/wp\/","logo":{"@type":"ImageObject","inLanguage":"es","@id":"https:\/\/turcon.es\/wp\/#\/schema\/logo\/image\/","url":"https:\/\/turcon.es\/wp\/wp-content\/uploads\/2025\/03\/logo-verde.svg","contentUrl":"https:\/\/turcon.es\/wp\/wp-content\/uploads\/2025\/03\/logo-verde.svg","width":813,"height":813,"caption":"Colectivo Ecologista Turcon"},"image":{"@id":"https:\/\/turcon.es\/wp\/#\/schema\/logo\/image\/"}},{"@type":"Person","@id":"https:\/\/turcon.es\/wp\/#\/schema\/person\/a1f3ba727ce031d9da17684affe85edd","name":"Laura Fernandez","image":{"@type":"ImageObject","inLanguage":"es","@id":"https:\/\/turcon.es\/wp\/#\/schema\/person\/image\/","url":"https:\/\/secure.gravatar.com\/avatar\/360749af9549af22e54582d50231ae56e854210ae2368797ba242f445a9852e8?s=96&d=mm&r=g","contentUrl":"https:\/\/secure.gravatar.com\/avatar\/360749af9549af22e54582d50231ae56e854210ae2368797ba242f445a9852e8?s=96&d=mm&r=g","caption":"Laura Fernandez"},"url":"https:\/\/turcon.es\/wp\/author\/admturcon\/"}]}},"_links":{"self":[{"href":"https:\/\/turcon.es\/wp\/wp-json\/wp\/v2\/posts\/9311","targetHints":{"allow":["GET"]}}],"collection":[{"href":"https:\/\/turcon.es\/wp\/wp-json\/wp\/v2\/posts"}],"about":[{"href":"https:\/\/turcon.es\/wp\/wp-json\/wp\/v2\/types\/post"}],"author":[{"embeddable":true,"href":"https:\/\/turcon.es\/wp\/wp-json\/wp\/v2\/users\/2"}],"replies":[{"embeddable":true,"href":"https:\/\/turcon.es\/wp\/wp-json\/wp\/v2\/comments?post=9311"}],"version-history":[{"count":0,"href":"https:\/\/turcon.es\/wp\/wp-json\/wp\/v2\/posts\/9311\/revisions"}],"wp:attachment":[{"href":"https:\/\/turcon.es\/wp\/wp-json\/wp\/v2\/media?parent=9311"}],"wp:term":[{"taxonomy":"category","embeddable":true,"href":"https:\/\/turcon.es\/wp\/wp-json\/wp\/v2\/categories?post=9311"},{"taxonomy":"post_tag","embeddable":true,"href":"https:\/\/turcon.es\/wp\/wp-json\/wp\/v2\/tags?post=9311"}],"curies":[{"name":"wp","href":"https:\/\/api.w.org\/{rel}","templated":true}]}}