{"id":9440,"date":"2013-01-27T22:20:53","date_gmt":"2013-01-27T22:20:53","guid":{"rendered":"http:\/\/turcon.wordpress.com\/?p=9440"},"modified":"2013-01-27T22:20:53","modified_gmt":"2013-01-27T22:20:53","slug":"turcon-lamenta-la-poca-capacidad-del-equipo-redactor-y-del-ayuntamiento-de-telde-en-fomentar-el-debate-del-avance-del-pgo-de-telde","status":"publish","type":"post","link":"https:\/\/turcon.es\/wp\/turcon-lamenta-la-poca-capacidad-del-equipo-redactor-y-del-ayuntamiento-de-telde-en-fomentar-el-debate-del-avance-del-pgo-de-telde\/","title":{"rendered":"TURC\u00d3N LAMENTA LA POCA CAPACIDAD DEL EQUIPO REDACTOR Y DEL AYUNTAMIENTO DE TELDE EN FOMENTAR EL DEBATE DEL AVANCE DEL PGO DE TELDE"},"content":{"rendered":"<p style=\"text-align:justify;\"><a href=\"http:\/\/turcon.es\/wp\/wp-content\/uploads\/2012\/11\/turcc3b3n-comunicados.jpg\"><img decoding=\"async\" class=\"aligncenter size-full wp-image-9160\" alt=\"turc\u00f3n comunicados\" src=\"http:\/\/turcon.es\/wp\/wp-content\/uploads\/2012\/11\/turcc3b3n-comunicados.jpg\" width=\"444\" height=\"112\" srcset=\"https:\/\/turcon.es\/wp\/wp-content\/uploads\/2012\/11\/turcc3b3n-comunicados.jpg 873w, https:\/\/turcon.es\/wp\/wp-content\/uploads\/2012\/11\/turcc3b3n-comunicados-300x75.jpg 300w, https:\/\/turcon.es\/wp\/wp-content\/uploads\/2012\/11\/turcc3b3n-comunicados-768x193.jpg 768w\" sizes=\"(max-width: 444px) 100vw, 444px\" \/><\/a><\/p>\n<h3 style=\"text-align:justify;\">M\u00e1s de 300 sugerencias han pedido una alternativa sostenible y ponderada, rechazando la mayor\u00eda de las infraestructuras viarias propuestas por el Avance.<b><\/b><\/h3>\n<figure id=\"attachment_9438\" aria-describedby=\"caption-attachment-9438\" style=\"width: 239px\" class=\"wp-caption alignleft\"><a href=\"http:\/\/turcon.es\/wp\/wp-content\/uploads\/2013\/01\/img_hoyapozoescarola-3-medium1.jpg\"><img decoding=\"async\" class=\" wp-image-9438 \" alt=\"Telde costa-Foto Teldeactualidad\" src=\"http:\/\/turcon.es\/wp\/wp-content\/uploads\/2013\/01\/img_hoyapozoescarola-3-medium1.jpg\" width=\"239\" height=\"153\" \/><\/a><figcaption id=\"caption-attachment-9438\" class=\"wp-caption-text\">Telde costa-Foto Teldeactualidad<\/figcaption><\/figure>\n<p style=\"text-align:justify;\">La documentaci\u00f3n del Avance del PGO e Informe de sostenibilidad ambiental se puso en informaci\u00f3n p\u00fablica el pasado mes de agosto y finaliz\u00f3 el d\u00eda 24 de diciembre, con un criterio restrictivo y algo opaco de como exponer y sacar a la calle un documento que planificar\u00e1 el municipio durante un largo tiempo. Durante este periodo, el Colectivo y sus distintos colaboradores presentaron unas seis sugerencias, documentos que constaban de m\u00faltiples aportaciones y que se iban gestionando a medida que se conoc\u00edan y preparaban los argumentos.<\/p>\n<p style=\"text-align:justify;\">A modo de resumen, Turc\u00f3n present\u00f3 <span style=\"text-decoration:underline;\">sugerencias sobre el proceso participativo<\/span> aportando una visi\u00f3n diferenciada de como organizar el proceso de informaci\u00f3n y participaci\u00f3n ciudadana.<\/p>\n<p style=\"text-align:justify;\">En otro documento critic\u00f3 duramente la metodolog\u00eda del Equipo Redactor en cuanto a la selecci\u00f3n de alternativas, evidenciando un procedimiento donde las propuestas deven\u00edan en \u201calternativas de cartas marcadas\u201d con resultados al gusto.<\/p>\n<p style=\"text-align:justify;\">Otro trataba exclusivamente de los Asentamientos Rurales y Agr\u00edcolas que se iban delimitando vulnerando la legislaci\u00f3n vigente y sin el m\u00ednimo respecto a los criterios manifestados por la COTMAC en cuanto a los crecimientos de bordes, convirtiendo lo expuesto en una aut\u00e9ntica pedrea de dif\u00edcil encuadre.<\/p>\n<p style=\"text-align:justify;\">Otra sugerencia estaba centrada en las <span style=\"text-decoration:underline;\">infraestructuras que se planificaban sin justificaci\u00f3n aparente <\/span>(tren, tangencial, variante aeroportuaria, carreteras en cauce de barranco Real de Telde, zona oeste de El Calero, etc.).<\/p>\n<p style=\"text-align:justify;\">Finalmente, la \u00faltima sugerencia estaba dedicada a varios temas como determinaciones que bordeaban la irresponsabilidad y pon\u00edan en duda la credibilidad del equipo t\u00e9cnico: por ejemplo los c\u00e1lculos de crecimiento poblacional en coherencia con la necesidad de construir 400 viviendas\/a\u00f1o, cuando en el \u00faltimo a\u00f1o la poblaci\u00f3n de Telde no ha aumentado (dato del INE-Abril2012), lo que demuestra un inter\u00e9s desmedido por justificar el urbanismo salvaje que sugiere el Avance, que a nuestro entender necesita un poco m\u00e1s de maduraci\u00f3n y un criterio de mayor ponderaci\u00f3n en el uso de un bien escaso como es el territorio.<\/p>\n<p style=\"text-align:justify;\">En general, <span style=\"text-decoration:underline;\">Turc\u00f3n &#8211; Ecologistas en Acci\u00f3n, lamenta el poco arresto y atenci\u00f3n del Equipo Redactor<\/span>, evidenciado por este colectivo a lo largo del periodo de participaci\u00f3n ciudadana y corroborado por el primer informe sectorial emitido (Obras P\u00fablicas del Gobierno).<\/p>\n<p style=\"text-align:justify;\">Opinan, tambi\u00e9n, los ecologistas, que <span style=\"text-decoration:underline;\">este Ayuntamiento no ha tenido el m\u00e1s m\u00ednimo inter\u00e9s en fomentar un debate sano y enriquecedor<\/span>. No nos consta que haya organizado, ni tan siquiera el amago o intento, de una reuni\u00f3n institucional para explicar el documento a colectivos ciudadanos, asociaciones o particulares. Hacemos memoria de la \u00faltima vez que el Teatro Municipal se abri\u00f3 para estas cuestiones, all\u00e1 por el a\u00f1o 2004 para hablar de la v\u00eda Tangencial. Desde entonces, a esta ciudad se le ha hurtado la potestad del debate p\u00fablico (institucional) para rebatir y contrastar toda la informaci\u00f3n del PGO y de la planificaci\u00f3n y desarrollo urbano de la ciudad.<\/p>\n<p style=\"text-align:justify;\">Seg\u00fan los ecologistas, otras <span style=\"text-decoration:underline;\">300 sugerencias individuales se han presentado pidiendo una alternativa sostenible<\/span> y ponderada, y rechazando todas las infraestructuras propuestas por el Avance. Los participantes en este proceso quedan a la espera de como el equipo redactor va a estudiar y contestar tantas peticiones rechazando la alternativa 3 y, a su vez, dar un cambio de rumbo a una planificaci\u00f3n desbordada y sin ajustarse a la realidad.<\/p>\n<p style=\"text-align:justify;\">La Memoria Ambiental ser\u00e1 el siguiente tr\u00e1mite del PGO. En el documento se deber\u00e1 dar respuesta a las sugerencias y los informes sectoriales de las distintas consejer\u00edas y del Cabildo. Posteriormente, procede la aprobaci\u00f3n en Pleno para enviarla a la COTMAC; tr\u00e1mites reglados en la normativa vigente que el equipo redactor y la instituci\u00f3n municipal deben\u00a0 respetar escrupulosamente.<\/p>\n<p align=\"center\">Atentamente,<\/p>\n<p align=\"center\"><b>Presidente de Turc\u00f3n-Ecologistas en Acci\u00f3n<\/b><\/p>\n","protected":false},"excerpt":{"rendered":"<p>M\u00e1s de 300 sugerencias han pedido una alternativa sostenible y ponderada, rechazando la mayor\u00eda de las infraestructuras viarias propuestas por el Avance. La documentaci\u00f3n del Avance del PGO e Informe de sostenibilidad ambiental se puso en informaci\u00f3n p\u00fablica el pasado mes de agosto y finaliz\u00f3 el d\u00eda 24 de diciembre, con un criterio restrictivo y [&hellip;]<\/p>\n","protected":false},"author":2,"featured_media":0,"comment_status":"open","ping_status":"open","sticky":false,"template":"","format":"standard","meta":{"footnotes":""},"categories":[8,46,60,65],"tags":[147,229],"class_list":["post-9440","post","type-post","status-publish","format-standard","hentry","category-administracion-publica","category-notas-de-prensa-de-turcon","category-telde-gran-canaria","category-urbanismo","tag-alegaciones","tag-avance-pgo-de-telde"],"yoast_head":"<!-- This site is optimized with the Yoast SEO plugin v26.3 - https:\/\/yoast.com\/wordpress\/plugins\/seo\/ -->\n<title>TURC\u00d3N LAMENTA LA POCA CAPACIDAD DEL EQUIPO REDACTOR Y DEL AYUNTAMIENTO DE TELDE EN FOMENTAR EL DEBATE DEL AVANCE DEL PGO DE TELDE - Colectivo Ecologista Turcon<\/title>\n<meta name=\"robots\" content=\"index, follow, max-snippet:-1, max-image-preview:large, max-video-preview:-1\" \/>\n<link rel=\"canonical\" href=\"https:\/\/turcon.es\/wp\/turcon-lamenta-la-poca-capacidad-del-equipo-redactor-y-del-ayuntamiento-de-telde-en-fomentar-el-debate-del-avance-del-pgo-de-telde\/\" \/>\n<meta property=\"og:locale\" content=\"es_ES\" \/>\n<meta property=\"og:type\" content=\"article\" \/>\n<meta property=\"og:title\" content=\"TURC\u00d3N LAMENTA LA POCA CAPACIDAD DEL EQUIPO REDACTOR Y DEL AYUNTAMIENTO DE TELDE EN FOMENTAR EL DEBATE DEL AVANCE DEL PGO DE TELDE - Colectivo Ecologista Turcon\" \/>\n<meta property=\"og:description\" content=\"M\u00e1s de 300 sugerencias han pedido una alternativa sostenible y ponderada, rechazando la mayor\u00eda de las infraestructuras viarias propuestas por el Avance. La documentaci\u00f3n del Avance del PGO e Informe de sostenibilidad ambiental se puso en informaci\u00f3n p\u00fablica el pasado mes de agosto y finaliz\u00f3 el d\u00eda 24 de diciembre, con un criterio restrictivo y [&hellip;]\" \/>\n<meta property=\"og:url\" content=\"https:\/\/turcon.es\/wp\/turcon-lamenta-la-poca-capacidad-del-equipo-redactor-y-del-ayuntamiento-de-telde-en-fomentar-el-debate-del-avance-del-pgo-de-telde\/\" \/>\n<meta property=\"og:site_name\" content=\"Colectivo Ecologista Turcon\" \/>\n<meta property=\"article:published_time\" content=\"2013-01-27T22:20:53+00:00\" \/>\n<meta property=\"og:image\" content=\"https:\/\/turcon.es\/wp\/wp-content\/uploads\/2012\/11\/turcc3b3n-comunicados.jpg\" \/>\n\t<meta property=\"og:image:width\" content=\"873\" \/>\n\t<meta property=\"og:image:height\" content=\"219\" \/>\n\t<meta property=\"og:image:type\" content=\"image\/jpeg\" \/>\n<meta name=\"author\" content=\"Laura Fernandez\" \/>\n<meta name=\"twitter:card\" content=\"summary_large_image\" \/>\n<meta name=\"twitter:label1\" content=\"Escrito por\" \/>\n\t<meta name=\"twitter:data1\" content=\"Laura Fernandez\" \/>\n\t<meta name=\"twitter:label2\" content=\"Tiempo de lectura\" \/>\n\t<meta name=\"twitter:data2\" content=\"3 minutos\" \/>\n<script type=\"application\/ld+json\" class=\"yoast-schema-graph\">{\"@context\":\"https:\/\/schema.org\",\"@graph\":[{\"@type\":\"Article\",\"@id\":\"https:\/\/turcon.es\/wp\/turcon-lamenta-la-poca-capacidad-del-equipo-redactor-y-del-ayuntamiento-de-telde-en-fomentar-el-debate-del-avance-del-pgo-de-telde\/#article\",\"isPartOf\":{\"@id\":\"https:\/\/turcon.es\/wp\/turcon-lamenta-la-poca-capacidad-del-equipo-redactor-y-del-ayuntamiento-de-telde-en-fomentar-el-debate-del-avance-del-pgo-de-telde\/\"},\"author\":{\"name\":\"Laura Fernandez\",\"@id\":\"https:\/\/turcon.es\/wp\/#\/schema\/person\/a1f3ba727ce031d9da17684affe85edd\"},\"headline\":\"TURC\u00d3N LAMENTA LA POCA CAPACIDAD DEL EQUIPO REDACTOR Y DEL AYUNTAMIENTO DE TELDE EN FOMENTAR EL DEBATE DEL AVANCE DEL PGO DE TELDE\",\"datePublished\":\"2013-01-27T22:20:53+00:00\",\"mainEntityOfPage\":{\"@id\":\"https:\/\/turcon.es\/wp\/turcon-lamenta-la-poca-capacidad-del-equipo-redactor-y-del-ayuntamiento-de-telde-en-fomentar-el-debate-del-avance-del-pgo-de-telde\/\"},\"wordCount\":705,\"commentCount\":0,\"publisher\":{\"@id\":\"https:\/\/turcon.es\/wp\/#organization\"},\"image\":{\"@id\":\"https:\/\/turcon.es\/wp\/turcon-lamenta-la-poca-capacidad-del-equipo-redactor-y-del-ayuntamiento-de-telde-en-fomentar-el-debate-del-avance-del-pgo-de-telde\/#primaryimage\"},\"thumbnailUrl\":\"http:\/\/turcon.es\/wp\/wp-content\/uploads\/2012\/11\/turcc3b3n-comunicados.jpg\",\"keywords\":[\"alegaciones\",\"Avance PGO de Telde\"],\"articleSection\":[\"Administraci\u00f3n p\u00fablica\",\"Notas de prensa de Turc\u00f3n\",\"Telde (Gran Canaria)\",\"Urbanismo\"],\"inLanguage\":\"es\",\"potentialAction\":[{\"@type\":\"CommentAction\",\"name\":\"Comment\",\"target\":[\"https:\/\/turcon.es\/wp\/turcon-lamenta-la-poca-capacidad-del-equipo-redactor-y-del-ayuntamiento-de-telde-en-fomentar-el-debate-del-avance-del-pgo-de-telde\/#respond\"]}]},{\"@type\":\"WebPage\",\"@id\":\"https:\/\/turcon.es\/wp\/turcon-lamenta-la-poca-capacidad-del-equipo-redactor-y-del-ayuntamiento-de-telde-en-fomentar-el-debate-del-avance-del-pgo-de-telde\/\",\"url\":\"https:\/\/turcon.es\/wp\/turcon-lamenta-la-poca-capacidad-del-equipo-redactor-y-del-ayuntamiento-de-telde-en-fomentar-el-debate-del-avance-del-pgo-de-telde\/\",\"name\":\"TURC\u00d3N LAMENTA LA POCA CAPACIDAD DEL EQUIPO REDACTOR Y DEL AYUNTAMIENTO DE TELDE EN FOMENTAR EL DEBATE DEL AVANCE DEL PGO DE TELDE - Colectivo Ecologista Turcon\",\"isPartOf\":{\"@id\":\"https:\/\/turcon.es\/wp\/#website\"},\"primaryImageOfPage\":{\"@id\":\"https:\/\/turcon.es\/wp\/turcon-lamenta-la-poca-capacidad-del-equipo-redactor-y-del-ayuntamiento-de-telde-en-fomentar-el-debate-del-avance-del-pgo-de-telde\/#primaryimage\"},\"image\":{\"@id\":\"https:\/\/turcon.es\/wp\/turcon-lamenta-la-poca-capacidad-del-equipo-redactor-y-del-ayuntamiento-de-telde-en-fomentar-el-debate-del-avance-del-pgo-de-telde\/#primaryimage\"},\"thumbnailUrl\":\"http:\/\/turcon.es\/wp\/wp-content\/uploads\/2012\/11\/turcc3b3n-comunicados.jpg\",\"datePublished\":\"2013-01-27T22:20:53+00:00\",\"breadcrumb\":{\"@id\":\"https:\/\/turcon.es\/wp\/turcon-lamenta-la-poca-capacidad-del-equipo-redactor-y-del-ayuntamiento-de-telde-en-fomentar-el-debate-del-avance-del-pgo-de-telde\/#breadcrumb\"},\"inLanguage\":\"es\",\"potentialAction\":[{\"@type\":\"ReadAction\",\"target\":[\"https:\/\/turcon.es\/wp\/turcon-lamenta-la-poca-capacidad-del-equipo-redactor-y-del-ayuntamiento-de-telde-en-fomentar-el-debate-del-avance-del-pgo-de-telde\/\"]}]},{\"@type\":\"ImageObject\",\"inLanguage\":\"es\",\"@id\":\"https:\/\/turcon.es\/wp\/turcon-lamenta-la-poca-capacidad-del-equipo-redactor-y-del-ayuntamiento-de-telde-en-fomentar-el-debate-del-avance-del-pgo-de-telde\/#primaryimage\",\"url\":\"http:\/\/turcon.es\/wp\/wp-content\/uploads\/2012\/11\/turcc3b3n-comunicados.jpg\",\"contentUrl\":\"http:\/\/turcon.es\/wp\/wp-content\/uploads\/2012\/11\/turcc3b3n-comunicados.jpg\"},{\"@type\":\"BreadcrumbList\",\"@id\":\"https:\/\/turcon.es\/wp\/turcon-lamenta-la-poca-capacidad-del-equipo-redactor-y-del-ayuntamiento-de-telde-en-fomentar-el-debate-del-avance-del-pgo-de-telde\/#breadcrumb\",\"itemListElement\":[{\"@type\":\"ListItem\",\"position\":1,\"name\":\"Portada\",\"item\":\"https:\/\/turcon.es\/wp\/\"},{\"@type\":\"ListItem\",\"position\":2,\"name\":\"TURC\u00d3N LAMENTA LA POCA CAPACIDAD DEL EQUIPO REDACTOR Y DEL AYUNTAMIENTO DE TELDE EN FOMENTAR EL DEBATE DEL AVANCE DEL PGO DE TELDE\"}]},{\"@type\":\"WebSite\",\"@id\":\"https:\/\/turcon.es\/wp\/#website\",\"url\":\"https:\/\/turcon.es\/wp\/\",\"name\":\"Colectivo Ecologista Turcon\",\"description\":\"\",\"publisher\":{\"@id\":\"https:\/\/turcon.es\/wp\/#organization\"},\"potentialAction\":[{\"@type\":\"SearchAction\",\"target\":{\"@type\":\"EntryPoint\",\"urlTemplate\":\"https:\/\/turcon.es\/wp\/?s={search_term_string}\"},\"query-input\":{\"@type\":\"PropertyValueSpecification\",\"valueRequired\":true,\"valueName\":\"search_term_string\"}}],\"inLanguage\":\"es\"},{\"@type\":\"Organization\",\"@id\":\"https:\/\/turcon.es\/wp\/#organization\",\"name\":\"Colectivo Ecologista Turcon\",\"url\":\"https:\/\/turcon.es\/wp\/\",\"logo\":{\"@type\":\"ImageObject\",\"inLanguage\":\"es\",\"@id\":\"https:\/\/turcon.es\/wp\/#\/schema\/logo\/image\/\",\"url\":\"https:\/\/turcon.es\/wp\/wp-content\/uploads\/2025\/03\/logo-verde.svg\",\"contentUrl\":\"https:\/\/turcon.es\/wp\/wp-content\/uploads\/2025\/03\/logo-verde.svg\",\"width\":813,\"height\":813,\"caption\":\"Colectivo Ecologista Turcon\"},\"image\":{\"@id\":\"https:\/\/turcon.es\/wp\/#\/schema\/logo\/image\/\"}},{\"@type\":\"Person\",\"@id\":\"https:\/\/turcon.es\/wp\/#\/schema\/person\/a1f3ba727ce031d9da17684affe85edd\",\"name\":\"Laura Fernandez\",\"image\":{\"@type\":\"ImageObject\",\"inLanguage\":\"es\",\"@id\":\"https:\/\/turcon.es\/wp\/#\/schema\/person\/image\/\",\"url\":\"https:\/\/secure.gravatar.com\/avatar\/360749af9549af22e54582d50231ae56e854210ae2368797ba242f445a9852e8?s=96&d=mm&r=g\",\"contentUrl\":\"https:\/\/secure.gravatar.com\/avatar\/360749af9549af22e54582d50231ae56e854210ae2368797ba242f445a9852e8?s=96&d=mm&r=g\",\"caption\":\"Laura Fernandez\"},\"url\":\"https:\/\/turcon.es\/wp\/author\/admturcon\/\"}]}<\/script>\n<!-- \/ Yoast SEO plugin. -->","yoast_head_json":{"title":"TURC\u00d3N LAMENTA LA POCA CAPACIDAD DEL EQUIPO REDACTOR Y DEL AYUNTAMIENTO DE TELDE EN FOMENTAR EL DEBATE DEL AVANCE DEL PGO DE TELDE - Colectivo Ecologista Turcon","robots":{"index":"index","follow":"follow","max-snippet":"max-snippet:-1","max-image-preview":"max-image-preview:large","max-video-preview":"max-video-preview:-1"},"canonical":"https:\/\/turcon.es\/wp\/turcon-lamenta-la-poca-capacidad-del-equipo-redactor-y-del-ayuntamiento-de-telde-en-fomentar-el-debate-del-avance-del-pgo-de-telde\/","og_locale":"es_ES","og_type":"article","og_title":"TURC\u00d3N LAMENTA LA POCA CAPACIDAD DEL EQUIPO REDACTOR Y DEL AYUNTAMIENTO DE TELDE EN FOMENTAR EL DEBATE DEL AVANCE DEL PGO DE TELDE - Colectivo Ecologista Turcon","og_description":"M\u00e1s de 300 sugerencias han pedido una alternativa sostenible y ponderada, rechazando la mayor\u00eda de las infraestructuras viarias propuestas por el Avance. La documentaci\u00f3n del Avance del PGO e Informe de sostenibilidad ambiental se puso en informaci\u00f3n p\u00fablica el pasado mes de agosto y finaliz\u00f3 el d\u00eda 24 de diciembre, con un criterio restrictivo y [&hellip;]","og_url":"https:\/\/turcon.es\/wp\/turcon-lamenta-la-poca-capacidad-del-equipo-redactor-y-del-ayuntamiento-de-telde-en-fomentar-el-debate-del-avance-del-pgo-de-telde\/","og_site_name":"Colectivo Ecologista Turcon","article_published_time":"2013-01-27T22:20:53+00:00","og_image":[{"width":873,"height":219,"url":"https:\/\/turcon.es\/wp\/wp-content\/uploads\/2012\/11\/turcc3b3n-comunicados.jpg","type":"image\/jpeg"}],"author":"Laura Fernandez","twitter_card":"summary_large_image","twitter_misc":{"Escrito por":"Laura Fernandez","Tiempo de lectura":"3 minutos"},"schema":{"@context":"https:\/\/schema.org","@graph":[{"@type":"Article","@id":"https:\/\/turcon.es\/wp\/turcon-lamenta-la-poca-capacidad-del-equipo-redactor-y-del-ayuntamiento-de-telde-en-fomentar-el-debate-del-avance-del-pgo-de-telde\/#article","isPartOf":{"@id":"https:\/\/turcon.es\/wp\/turcon-lamenta-la-poca-capacidad-del-equipo-redactor-y-del-ayuntamiento-de-telde-en-fomentar-el-debate-del-avance-del-pgo-de-telde\/"},"author":{"name":"Laura Fernandez","@id":"https:\/\/turcon.es\/wp\/#\/schema\/person\/a1f3ba727ce031d9da17684affe85edd"},"headline":"TURC\u00d3N LAMENTA LA POCA CAPACIDAD DEL EQUIPO REDACTOR Y DEL AYUNTAMIENTO DE TELDE EN FOMENTAR EL DEBATE DEL AVANCE DEL PGO DE TELDE","datePublished":"2013-01-27T22:20:53+00:00","mainEntityOfPage":{"@id":"https:\/\/turcon.es\/wp\/turcon-lamenta-la-poca-capacidad-del-equipo-redactor-y-del-ayuntamiento-de-telde-en-fomentar-el-debate-del-avance-del-pgo-de-telde\/"},"wordCount":705,"commentCount":0,"publisher":{"@id":"https:\/\/turcon.es\/wp\/#organization"},"image":{"@id":"https:\/\/turcon.es\/wp\/turcon-lamenta-la-poca-capacidad-del-equipo-redactor-y-del-ayuntamiento-de-telde-en-fomentar-el-debate-del-avance-del-pgo-de-telde\/#primaryimage"},"thumbnailUrl":"http:\/\/turcon.es\/wp\/wp-content\/uploads\/2012\/11\/turcc3b3n-comunicados.jpg","keywords":["alegaciones","Avance PGO de Telde"],"articleSection":["Administraci\u00f3n p\u00fablica","Notas de prensa de Turc\u00f3n","Telde (Gran Canaria)","Urbanismo"],"inLanguage":"es","potentialAction":[{"@type":"CommentAction","name":"Comment","target":["https:\/\/turcon.es\/wp\/turcon-lamenta-la-poca-capacidad-del-equipo-redactor-y-del-ayuntamiento-de-telde-en-fomentar-el-debate-del-avance-del-pgo-de-telde\/#respond"]}]},{"@type":"WebPage","@id":"https:\/\/turcon.es\/wp\/turcon-lamenta-la-poca-capacidad-del-equipo-redactor-y-del-ayuntamiento-de-telde-en-fomentar-el-debate-del-avance-del-pgo-de-telde\/","url":"https:\/\/turcon.es\/wp\/turcon-lamenta-la-poca-capacidad-del-equipo-redactor-y-del-ayuntamiento-de-telde-en-fomentar-el-debate-del-avance-del-pgo-de-telde\/","name":"TURC\u00d3N LAMENTA LA POCA CAPACIDAD DEL EQUIPO REDACTOR Y DEL AYUNTAMIENTO DE TELDE EN FOMENTAR EL DEBATE DEL AVANCE DEL PGO DE TELDE - Colectivo Ecologista Turcon","isPartOf":{"@id":"https:\/\/turcon.es\/wp\/#website"},"primaryImageOfPage":{"@id":"https:\/\/turcon.es\/wp\/turcon-lamenta-la-poca-capacidad-del-equipo-redactor-y-del-ayuntamiento-de-telde-en-fomentar-el-debate-del-avance-del-pgo-de-telde\/#primaryimage"},"image":{"@id":"https:\/\/turcon.es\/wp\/turcon-lamenta-la-poca-capacidad-del-equipo-redactor-y-del-ayuntamiento-de-telde-en-fomentar-el-debate-del-avance-del-pgo-de-telde\/#primaryimage"},"thumbnailUrl":"http:\/\/turcon.es\/wp\/wp-content\/uploads\/2012\/11\/turcc3b3n-comunicados.jpg","datePublished":"2013-01-27T22:20:53+00:00","breadcrumb":{"@id":"https:\/\/turcon.es\/wp\/turcon-lamenta-la-poca-capacidad-del-equipo-redactor-y-del-ayuntamiento-de-telde-en-fomentar-el-debate-del-avance-del-pgo-de-telde\/#breadcrumb"},"inLanguage":"es","potentialAction":[{"@type":"ReadAction","target":["https:\/\/turcon.es\/wp\/turcon-lamenta-la-poca-capacidad-del-equipo-redactor-y-del-ayuntamiento-de-telde-en-fomentar-el-debate-del-avance-del-pgo-de-telde\/"]}]},{"@type":"ImageObject","inLanguage":"es","@id":"https:\/\/turcon.es\/wp\/turcon-lamenta-la-poca-capacidad-del-equipo-redactor-y-del-ayuntamiento-de-telde-en-fomentar-el-debate-del-avance-del-pgo-de-telde\/#primaryimage","url":"http:\/\/turcon.es\/wp\/wp-content\/uploads\/2012\/11\/turcc3b3n-comunicados.jpg","contentUrl":"http:\/\/turcon.es\/wp\/wp-content\/uploads\/2012\/11\/turcc3b3n-comunicados.jpg"},{"@type":"BreadcrumbList","@id":"https:\/\/turcon.es\/wp\/turcon-lamenta-la-poca-capacidad-del-equipo-redactor-y-del-ayuntamiento-de-telde-en-fomentar-el-debate-del-avance-del-pgo-de-telde\/#breadcrumb","itemListElement":[{"@type":"ListItem","position":1,"name":"Portada","item":"https:\/\/turcon.es\/wp\/"},{"@type":"ListItem","position":2,"name":"TURC\u00d3N LAMENTA LA POCA CAPACIDAD DEL EQUIPO REDACTOR Y DEL AYUNTAMIENTO DE TELDE EN FOMENTAR EL DEBATE DEL AVANCE DEL PGO DE TELDE"}]},{"@type":"WebSite","@id":"https:\/\/turcon.es\/wp\/#website","url":"https:\/\/turcon.es\/wp\/","name":"Colectivo Ecologista Turcon","description":"","publisher":{"@id":"https:\/\/turcon.es\/wp\/#organization"},"potentialAction":[{"@type":"SearchAction","target":{"@type":"EntryPoint","urlTemplate":"https:\/\/turcon.es\/wp\/?s={search_term_string}"},"query-input":{"@type":"PropertyValueSpecification","valueRequired":true,"valueName":"search_term_string"}}],"inLanguage":"es"},{"@type":"Organization","@id":"https:\/\/turcon.es\/wp\/#organization","name":"Colectivo Ecologista Turcon","url":"https:\/\/turcon.es\/wp\/","logo":{"@type":"ImageObject","inLanguage":"es","@id":"https:\/\/turcon.es\/wp\/#\/schema\/logo\/image\/","url":"https:\/\/turcon.es\/wp\/wp-content\/uploads\/2025\/03\/logo-verde.svg","contentUrl":"https:\/\/turcon.es\/wp\/wp-content\/uploads\/2025\/03\/logo-verde.svg","width":813,"height":813,"caption":"Colectivo Ecologista Turcon"},"image":{"@id":"https:\/\/turcon.es\/wp\/#\/schema\/logo\/image\/"}},{"@type":"Person","@id":"https:\/\/turcon.es\/wp\/#\/schema\/person\/a1f3ba727ce031d9da17684affe85edd","name":"Laura Fernandez","image":{"@type":"ImageObject","inLanguage":"es","@id":"https:\/\/turcon.es\/wp\/#\/schema\/person\/image\/","url":"https:\/\/secure.gravatar.com\/avatar\/360749af9549af22e54582d50231ae56e854210ae2368797ba242f445a9852e8?s=96&d=mm&r=g","contentUrl":"https:\/\/secure.gravatar.com\/avatar\/360749af9549af22e54582d50231ae56e854210ae2368797ba242f445a9852e8?s=96&d=mm&r=g","caption":"Laura Fernandez"},"url":"https:\/\/turcon.es\/wp\/author\/admturcon\/"}]}},"_links":{"self":[{"href":"https:\/\/turcon.es\/wp\/wp-json\/wp\/v2\/posts\/9440","targetHints":{"allow":["GET"]}}],"collection":[{"href":"https:\/\/turcon.es\/wp\/wp-json\/wp\/v2\/posts"}],"about":[{"href":"https:\/\/turcon.es\/wp\/wp-json\/wp\/v2\/types\/post"}],"author":[{"embeddable":true,"href":"https:\/\/turcon.es\/wp\/wp-json\/wp\/v2\/users\/2"}],"replies":[{"embeddable":true,"href":"https:\/\/turcon.es\/wp\/wp-json\/wp\/v2\/comments?post=9440"}],"version-history":[{"count":0,"href":"https:\/\/turcon.es\/wp\/wp-json\/wp\/v2\/posts\/9440\/revisions"}],"wp:attachment":[{"href":"https:\/\/turcon.es\/wp\/wp-json\/wp\/v2\/media?parent=9440"}],"wp:term":[{"taxonomy":"category","embeddable":true,"href":"https:\/\/turcon.es\/wp\/wp-json\/wp\/v2\/categories?post=9440"},{"taxonomy":"post_tag","embeddable":true,"href":"https:\/\/turcon.es\/wp\/wp-json\/wp\/v2\/tags?post=9440"}],"curies":[{"name":"wp","href":"https:\/\/api.w.org\/{rel}","templated":true}]}}