{"id":9465,"date":"2013-02-05T21:48:01","date_gmt":"2013-02-05T21:48:01","guid":{"rendered":"http:\/\/turcon.wordpress.com\/?p=9465"},"modified":"2013-02-05T21:48:01","modified_gmt":"2013-02-05T21:48:01","slug":"jornadas-participativas-de-las-canteras","status":"publish","type":"post","link":"https:\/\/turcon.es\/wp\/jornadas-participativas-de-las-canteras\/","title":{"rendered":"Jornadas Participativas de Las Canteras"},"content":{"rendered":"<h3 style=\"text-align:justify;\">El pr\u00f3ximo Jueves, d\u00eda 7 de Febrero, tendr\u00e1 lugar en el Real Club Victoria a las 19:00 h, las primeras Jornadas Participativas de la Micro \u00c1rea Marina Protegida de Las Canteras.<\/h3>\n<h3 style=\"text-align:justify;\"><a href=\"https:\/\/picasaweb.google.com\/lh\/photo\/kNGbgooRRl3bIu3QNImu4NMTjNZETYmyPJy0liipFm0?feat=embedwebsite\"><img fetchpriority=\"high\" decoding=\"async\" class=\"aligncenter\" title=\"Jornada micro areas marinas\" alt=\"\" src=\"https:\/\/lh3.googleusercontent.com\/-xNTz0qOdqJo\/UQ-rOc0mioI\/AAAAAAAAAys\/hpjyQtz3FFI\/s400\/jornadas_participaci%25C3%25B3n_%2520Las%2520Canteras.jpg\" width=\"214\" height=\"301\" \/><\/a><\/h3>\n<h3 style=\"text-align:justify;\"><\/h3>\n<div style=\"text-align:justify;\">\u00a0Desde el proyectoMicro \u00c1reas queremos convocarles a la primera\u00a0\u00a0 <strong><span style=\"color:#000000;\">JORNADA DE PARTICIPACI\u00f3N ABIERTA de la MICRO \u00c1REA <\/span><\/strong><strong><span style=\"color:#000000;\">MARINA PROTEGIDA DE LAS CANTERAS<\/span>.<\/strong> La finalidad de las Jornadas es\u00a0 presentar la iniciativa de las Micro \u00c1reas para aquellos que no a\u00fan no la conozcan, debatir las acciones que se quieren llevar a cabo, llegar al consenso definitivo de la delimitaci\u00f3n de la Micro \u00c1rea, as\u00ed como la\u00a0 creaci\u00f3n del Consejo de Gesti\u00f3n de Las Canteras.<\/div>\n<div style=\"text-align:justify;\"><\/div>\n<div style=\"text-align:justify;\">\u00a0\u00a0El orden del d\u00eda propuesto es:<\/div>\n<div style=\"text-align:justify;\">\u00a0\u00a0 &#8211; Presentaci\u00f3n del proyecto Micro \u00c1reas y resumen<\/div>\n<div style=\"text-align:justify;\">\u00a0\u00a0&#8211; An\u00e1lisis de los beneficios que aporta la iniciativa<\/div>\n<div style=\"text-align:justify;\">\u00a0 &#8211; Propuestas de delimitaci\u00f3n para la Micro \u00c1rea<\/div>\n<div style=\"text-align:justify;\">\u00a0\u00a0&#8211; Creaci\u00f3n del Consejo de Gesti\u00f3n<\/div>\n<div style=\"text-align:justify;\"><\/div>\n<div style=\"text-align:justify;\">\u00a0\u00a0Pueden obtener m\u00e1s informaci\u00f3n sobre el proyecto en:<\/div>\n<div style=\"text-align:justify;\"><a title=\"http:\/\/www.microareas.org\" href=\"http:\/\/www.microareas.org\">http:\/\/www.microareas.org<\/a> [1]<\/div>\n<p style=\"text-align:justify;\">Est\u00e1n invitadas todas aquellas personas que deseen asistir y expresar su opini\u00f3n.<\/p>\n<p>&nbsp;<\/p>\n<p>&nbsp;<\/p>\n","protected":false},"excerpt":{"rendered":"<p>El pr\u00f3ximo Jueves, d\u00eda 7 de Febrero, tendr\u00e1 lugar en el Real Club Victoria a las 19:00 h, las primeras Jornadas Participativas de la Micro \u00c1rea Marina Protegida de Las Canteras. \u00a0Desde el proyectoMicro \u00c1reas queremos convocarles a la primera\u00a0\u00a0 JORNADA DE PARTICIPACI\u00f3N ABIERTA de la MICRO \u00c1REA MARINA PROTEGIDA DE LAS CANTERAS. La finalidad [&hellip;]<\/p>\n","protected":false},"author":2,"featured_media":0,"comment_status":"open","ping_status":"open","sticky":false,"template":"","format":"standard","meta":{"footnotes":""},"categories":[22,28,41,69,47],"tags":[954,1130],"class_list":["post-9465","post","type-post","status-publish","format-standard","hentry","category-concienciacion","category-cursos-congresos-y-encuentros","category-gran-canaria","category-movimiento-ciudadano","category-oceanos","tag-jornadas","tag-micro-areas-marinas"],"yoast_head":"<!-- This site is optimized with the Yoast SEO plugin v26.3 - https:\/\/yoast.com\/wordpress\/plugins\/seo\/ -->\n<title>Jornadas Participativas de Las Canteras - Colectivo Ecologista Turcon<\/title>\n<meta name=\"robots\" content=\"index, follow, max-snippet:-1, max-image-preview:large, max-video-preview:-1\" \/>\n<link rel=\"canonical\" href=\"https:\/\/turcon.es\/wp\/jornadas-participativas-de-las-canteras\/\" \/>\n<meta property=\"og:locale\" content=\"es_ES\" \/>\n<meta property=\"og:type\" content=\"article\" \/>\n<meta property=\"og:title\" content=\"Jornadas Participativas de Las Canteras - Colectivo Ecologista Turcon\" \/>\n<meta property=\"og:description\" content=\"El pr\u00f3ximo Jueves, d\u00eda 7 de Febrero, tendr\u00e1 lugar en el Real Club Victoria a las 19:00 h, las primeras Jornadas Participativas de la Micro \u00c1rea Marina Protegida de Las Canteras. \u00a0Desde el proyectoMicro \u00c1reas queremos convocarles a la primera\u00a0\u00a0 JORNADA DE PARTICIPACI\u00f3N ABIERTA de la MICRO \u00c1REA MARINA PROTEGIDA DE LAS CANTERAS. La finalidad [&hellip;]\" \/>\n<meta property=\"og:url\" content=\"https:\/\/turcon.es\/wp\/jornadas-participativas-de-las-canteras\/\" \/>\n<meta property=\"og:site_name\" content=\"Colectivo Ecologista Turcon\" \/>\n<meta property=\"article:published_time\" content=\"2013-02-05T21:48:01+00:00\" \/>\n<meta property=\"og:image\" content=\"https:\/\/lh3.googleusercontent.com\/-xNTz0qOdqJo\/UQ-rOc0mioI\/AAAAAAAAAys\/hpjyQtz3FFI\/s400\/jornadas_participaci%25C3%25B3n_%2520Las%2520Canteras.jpg\" \/>\n<meta name=\"author\" content=\"Laura Fernandez\" \/>\n<meta name=\"twitter:card\" content=\"summary_large_image\" \/>\n<meta name=\"twitter:label1\" content=\"Escrito por\" \/>\n\t<meta name=\"twitter:data1\" content=\"Laura Fernandez\" \/>\n\t<meta name=\"twitter:label2\" content=\"Tiempo de lectura\" \/>\n\t<meta name=\"twitter:data2\" content=\"1 minuto\" \/>\n<script type=\"application\/ld+json\" class=\"yoast-schema-graph\">{\"@context\":\"https:\/\/schema.org\",\"@graph\":[{\"@type\":\"Article\",\"@id\":\"https:\/\/turcon.es\/wp\/jornadas-participativas-de-las-canteras\/#article\",\"isPartOf\":{\"@id\":\"https:\/\/turcon.es\/wp\/jornadas-participativas-de-las-canteras\/\"},\"author\":{\"name\":\"Laura Fernandez\",\"@id\":\"https:\/\/turcon.es\/wp\/#\/schema\/person\/a1f3ba727ce031d9da17684affe85edd\"},\"headline\":\"Jornadas Participativas de Las Canteras\",\"datePublished\":\"2013-02-05T21:48:01+00:00\",\"mainEntityOfPage\":{\"@id\":\"https:\/\/turcon.es\/wp\/jornadas-participativas-de-las-canteras\/\"},\"wordCount\":188,\"commentCount\":0,\"publisher\":{\"@id\":\"https:\/\/turcon.es\/wp\/#organization\"},\"image\":{\"@id\":\"https:\/\/turcon.es\/wp\/jornadas-participativas-de-las-canteras\/#primaryimage\"},\"thumbnailUrl\":\"https:\/\/lh3.googleusercontent.com\/-xNTz0qOdqJo\/UQ-rOc0mioI\/AAAAAAAAAys\/hpjyQtz3FFI\/s400\/jornadas_participaci%25C3%25B3n_%2520Las%2520Canteras.jpg\",\"keywords\":[\"Jornadas\",\"Micro Areas Marinas\"],\"articleSection\":[\"Concienciaci\u00f3n\",\"Cursos, congresos y encuentros\",\"Gran Canaria\",\"Movimiento ciudadano\",\"Oc\u00e9anos\"],\"inLanguage\":\"es\",\"potentialAction\":[{\"@type\":\"CommentAction\",\"name\":\"Comment\",\"target\":[\"https:\/\/turcon.es\/wp\/jornadas-participativas-de-las-canteras\/#respond\"]}]},{\"@type\":\"WebPage\",\"@id\":\"https:\/\/turcon.es\/wp\/jornadas-participativas-de-las-canteras\/\",\"url\":\"https:\/\/turcon.es\/wp\/jornadas-participativas-de-las-canteras\/\",\"name\":\"Jornadas Participativas de Las Canteras - Colectivo Ecologista Turcon\",\"isPartOf\":{\"@id\":\"https:\/\/turcon.es\/wp\/#website\"},\"primaryImageOfPage\":{\"@id\":\"https:\/\/turcon.es\/wp\/jornadas-participativas-de-las-canteras\/#primaryimage\"},\"image\":{\"@id\":\"https:\/\/turcon.es\/wp\/jornadas-participativas-de-las-canteras\/#primaryimage\"},\"thumbnailUrl\":\"https:\/\/lh3.googleusercontent.com\/-xNTz0qOdqJo\/UQ-rOc0mioI\/AAAAAAAAAys\/hpjyQtz3FFI\/s400\/jornadas_participaci%25C3%25B3n_%2520Las%2520Canteras.jpg\",\"datePublished\":\"2013-02-05T21:48:01+00:00\",\"breadcrumb\":{\"@id\":\"https:\/\/turcon.es\/wp\/jornadas-participativas-de-las-canteras\/#breadcrumb\"},\"inLanguage\":\"es\",\"potentialAction\":[{\"@type\":\"ReadAction\",\"target\":[\"https:\/\/turcon.es\/wp\/jornadas-participativas-de-las-canteras\/\"]}]},{\"@type\":\"ImageObject\",\"inLanguage\":\"es\",\"@id\":\"https:\/\/turcon.es\/wp\/jornadas-participativas-de-las-canteras\/#primaryimage\",\"url\":\"https:\/\/lh3.googleusercontent.com\/-xNTz0qOdqJo\/UQ-rOc0mioI\/AAAAAAAAAys\/hpjyQtz3FFI\/s400\/jornadas_participaci%25C3%25B3n_%2520Las%2520Canteras.jpg\",\"contentUrl\":\"https:\/\/lh3.googleusercontent.com\/-xNTz0qOdqJo\/UQ-rOc0mioI\/AAAAAAAAAys\/hpjyQtz3FFI\/s400\/jornadas_participaci%25C3%25B3n_%2520Las%2520Canteras.jpg\"},{\"@type\":\"BreadcrumbList\",\"@id\":\"https:\/\/turcon.es\/wp\/jornadas-participativas-de-las-canteras\/#breadcrumb\",\"itemListElement\":[{\"@type\":\"ListItem\",\"position\":1,\"name\":\"Portada\",\"item\":\"https:\/\/turcon.es\/wp\/\"},{\"@type\":\"ListItem\",\"position\":2,\"name\":\"Jornadas Participativas de Las Canteras\"}]},{\"@type\":\"WebSite\",\"@id\":\"https:\/\/turcon.es\/wp\/#website\",\"url\":\"https:\/\/turcon.es\/wp\/\",\"name\":\"Colectivo Ecologista Turcon\",\"description\":\"\",\"publisher\":{\"@id\":\"https:\/\/turcon.es\/wp\/#organization\"},\"potentialAction\":[{\"@type\":\"SearchAction\",\"target\":{\"@type\":\"EntryPoint\",\"urlTemplate\":\"https:\/\/turcon.es\/wp\/?s={search_term_string}\"},\"query-input\":{\"@type\":\"PropertyValueSpecification\",\"valueRequired\":true,\"valueName\":\"search_term_string\"}}],\"inLanguage\":\"es\"},{\"@type\":\"Organization\",\"@id\":\"https:\/\/turcon.es\/wp\/#organization\",\"name\":\"Colectivo Ecologista Turcon\",\"url\":\"https:\/\/turcon.es\/wp\/\",\"logo\":{\"@type\":\"ImageObject\",\"inLanguage\":\"es\",\"@id\":\"https:\/\/turcon.es\/wp\/#\/schema\/logo\/image\/\",\"url\":\"https:\/\/turcon.es\/wp\/wp-content\/uploads\/2025\/03\/logo-verde.svg\",\"contentUrl\":\"https:\/\/turcon.es\/wp\/wp-content\/uploads\/2025\/03\/logo-verde.svg\",\"width\":813,\"height\":813,\"caption\":\"Colectivo Ecologista Turcon\"},\"image\":{\"@id\":\"https:\/\/turcon.es\/wp\/#\/schema\/logo\/image\/\"}},{\"@type\":\"Person\",\"@id\":\"https:\/\/turcon.es\/wp\/#\/schema\/person\/a1f3ba727ce031d9da17684affe85edd\",\"name\":\"Laura Fernandez\",\"image\":{\"@type\":\"ImageObject\",\"inLanguage\":\"es\",\"@id\":\"https:\/\/turcon.es\/wp\/#\/schema\/person\/image\/\",\"url\":\"https:\/\/secure.gravatar.com\/avatar\/360749af9549af22e54582d50231ae56e854210ae2368797ba242f445a9852e8?s=96&d=mm&r=g\",\"contentUrl\":\"https:\/\/secure.gravatar.com\/avatar\/360749af9549af22e54582d50231ae56e854210ae2368797ba242f445a9852e8?s=96&d=mm&r=g\",\"caption\":\"Laura Fernandez\"},\"url\":\"https:\/\/turcon.es\/wp\/author\/admturcon\/\"}]}<\/script>\n<!-- \/ Yoast SEO plugin. -->","yoast_head_json":{"title":"Jornadas Participativas de Las Canteras - Colectivo Ecologista Turcon","robots":{"index":"index","follow":"follow","max-snippet":"max-snippet:-1","max-image-preview":"max-image-preview:large","max-video-preview":"max-video-preview:-1"},"canonical":"https:\/\/turcon.es\/wp\/jornadas-participativas-de-las-canteras\/","og_locale":"es_ES","og_type":"article","og_title":"Jornadas Participativas de Las Canteras - Colectivo Ecologista Turcon","og_description":"El pr\u00f3ximo Jueves, d\u00eda 7 de Febrero, tendr\u00e1 lugar en el Real Club Victoria a las 19:00 h, las primeras Jornadas Participativas de la Micro \u00c1rea Marina Protegida de Las Canteras. \u00a0Desde el proyectoMicro \u00c1reas queremos convocarles a la primera\u00a0\u00a0 JORNADA DE PARTICIPACI\u00f3N ABIERTA de la MICRO \u00c1REA MARINA PROTEGIDA DE LAS CANTERAS. La finalidad [&hellip;]","og_url":"https:\/\/turcon.es\/wp\/jornadas-participativas-de-las-canteras\/","og_site_name":"Colectivo Ecologista Turcon","article_published_time":"2013-02-05T21:48:01+00:00","og_image":[{"url":"https:\/\/lh3.googleusercontent.com\/-xNTz0qOdqJo\/UQ-rOc0mioI\/AAAAAAAAAys\/hpjyQtz3FFI\/s400\/jornadas_participaci%25C3%25B3n_%2520Las%2520Canteras.jpg","type":"","width":"","height":""}],"author":"Laura Fernandez","twitter_card":"summary_large_image","twitter_misc":{"Escrito por":"Laura Fernandez","Tiempo de lectura":"1 minuto"},"schema":{"@context":"https:\/\/schema.org","@graph":[{"@type":"Article","@id":"https:\/\/turcon.es\/wp\/jornadas-participativas-de-las-canteras\/#article","isPartOf":{"@id":"https:\/\/turcon.es\/wp\/jornadas-participativas-de-las-canteras\/"},"author":{"name":"Laura Fernandez","@id":"https:\/\/turcon.es\/wp\/#\/schema\/person\/a1f3ba727ce031d9da17684affe85edd"},"headline":"Jornadas Participativas de Las Canteras","datePublished":"2013-02-05T21:48:01+00:00","mainEntityOfPage":{"@id":"https:\/\/turcon.es\/wp\/jornadas-participativas-de-las-canteras\/"},"wordCount":188,"commentCount":0,"publisher":{"@id":"https:\/\/turcon.es\/wp\/#organization"},"image":{"@id":"https:\/\/turcon.es\/wp\/jornadas-participativas-de-las-canteras\/#primaryimage"},"thumbnailUrl":"https:\/\/lh3.googleusercontent.com\/-xNTz0qOdqJo\/UQ-rOc0mioI\/AAAAAAAAAys\/hpjyQtz3FFI\/s400\/jornadas_participaci%25C3%25B3n_%2520Las%2520Canteras.jpg","keywords":["Jornadas","Micro Areas Marinas"],"articleSection":["Concienciaci\u00f3n","Cursos, congresos y encuentros","Gran Canaria","Movimiento ciudadano","Oc\u00e9anos"],"inLanguage":"es","potentialAction":[{"@type":"CommentAction","name":"Comment","target":["https:\/\/turcon.es\/wp\/jornadas-participativas-de-las-canteras\/#respond"]}]},{"@type":"WebPage","@id":"https:\/\/turcon.es\/wp\/jornadas-participativas-de-las-canteras\/","url":"https:\/\/turcon.es\/wp\/jornadas-participativas-de-las-canteras\/","name":"Jornadas Participativas de Las Canteras - Colectivo Ecologista Turcon","isPartOf":{"@id":"https:\/\/turcon.es\/wp\/#website"},"primaryImageOfPage":{"@id":"https:\/\/turcon.es\/wp\/jornadas-participativas-de-las-canteras\/#primaryimage"},"image":{"@id":"https:\/\/turcon.es\/wp\/jornadas-participativas-de-las-canteras\/#primaryimage"},"thumbnailUrl":"https:\/\/lh3.googleusercontent.com\/-xNTz0qOdqJo\/UQ-rOc0mioI\/AAAAAAAAAys\/hpjyQtz3FFI\/s400\/jornadas_participaci%25C3%25B3n_%2520Las%2520Canteras.jpg","datePublished":"2013-02-05T21:48:01+00:00","breadcrumb":{"@id":"https:\/\/turcon.es\/wp\/jornadas-participativas-de-las-canteras\/#breadcrumb"},"inLanguage":"es","potentialAction":[{"@type":"ReadAction","target":["https:\/\/turcon.es\/wp\/jornadas-participativas-de-las-canteras\/"]}]},{"@type":"ImageObject","inLanguage":"es","@id":"https:\/\/turcon.es\/wp\/jornadas-participativas-de-las-canteras\/#primaryimage","url":"https:\/\/lh3.googleusercontent.com\/-xNTz0qOdqJo\/UQ-rOc0mioI\/AAAAAAAAAys\/hpjyQtz3FFI\/s400\/jornadas_participaci%25C3%25B3n_%2520Las%2520Canteras.jpg","contentUrl":"https:\/\/lh3.googleusercontent.com\/-xNTz0qOdqJo\/UQ-rOc0mioI\/AAAAAAAAAys\/hpjyQtz3FFI\/s400\/jornadas_participaci%25C3%25B3n_%2520Las%2520Canteras.jpg"},{"@type":"BreadcrumbList","@id":"https:\/\/turcon.es\/wp\/jornadas-participativas-de-las-canteras\/#breadcrumb","itemListElement":[{"@type":"ListItem","position":1,"name":"Portada","item":"https:\/\/turcon.es\/wp\/"},{"@type":"ListItem","position":2,"name":"Jornadas Participativas de Las Canteras"}]},{"@type":"WebSite","@id":"https:\/\/turcon.es\/wp\/#website","url":"https:\/\/turcon.es\/wp\/","name":"Colectivo Ecologista Turcon","description":"","publisher":{"@id":"https:\/\/turcon.es\/wp\/#organization"},"potentialAction":[{"@type":"SearchAction","target":{"@type":"EntryPoint","urlTemplate":"https:\/\/turcon.es\/wp\/?s={search_term_string}"},"query-input":{"@type":"PropertyValueSpecification","valueRequired":true,"valueName":"search_term_string"}}],"inLanguage":"es"},{"@type":"Organization","@id":"https:\/\/turcon.es\/wp\/#organization","name":"Colectivo Ecologista Turcon","url":"https:\/\/turcon.es\/wp\/","logo":{"@type":"ImageObject","inLanguage":"es","@id":"https:\/\/turcon.es\/wp\/#\/schema\/logo\/image\/","url":"https:\/\/turcon.es\/wp\/wp-content\/uploads\/2025\/03\/logo-verde.svg","contentUrl":"https:\/\/turcon.es\/wp\/wp-content\/uploads\/2025\/03\/logo-verde.svg","width":813,"height":813,"caption":"Colectivo Ecologista Turcon"},"image":{"@id":"https:\/\/turcon.es\/wp\/#\/schema\/logo\/image\/"}},{"@type":"Person","@id":"https:\/\/turcon.es\/wp\/#\/schema\/person\/a1f3ba727ce031d9da17684affe85edd","name":"Laura Fernandez","image":{"@type":"ImageObject","inLanguage":"es","@id":"https:\/\/turcon.es\/wp\/#\/schema\/person\/image\/","url":"https:\/\/secure.gravatar.com\/avatar\/360749af9549af22e54582d50231ae56e854210ae2368797ba242f445a9852e8?s=96&d=mm&r=g","contentUrl":"https:\/\/secure.gravatar.com\/avatar\/360749af9549af22e54582d50231ae56e854210ae2368797ba242f445a9852e8?s=96&d=mm&r=g","caption":"Laura Fernandez"},"url":"https:\/\/turcon.es\/wp\/author\/admturcon\/"}]}},"_links":{"self":[{"href":"https:\/\/turcon.es\/wp\/wp-json\/wp\/v2\/posts\/9465","targetHints":{"allow":["GET"]}}],"collection":[{"href":"https:\/\/turcon.es\/wp\/wp-json\/wp\/v2\/posts"}],"about":[{"href":"https:\/\/turcon.es\/wp\/wp-json\/wp\/v2\/types\/post"}],"author":[{"embeddable":true,"href":"https:\/\/turcon.es\/wp\/wp-json\/wp\/v2\/users\/2"}],"replies":[{"embeddable":true,"href":"https:\/\/turcon.es\/wp\/wp-json\/wp\/v2\/comments?post=9465"}],"version-history":[{"count":0,"href":"https:\/\/turcon.es\/wp\/wp-json\/wp\/v2\/posts\/9465\/revisions"}],"wp:attachment":[{"href":"https:\/\/turcon.es\/wp\/wp-json\/wp\/v2\/media?parent=9465"}],"wp:term":[{"taxonomy":"category","embeddable":true,"href":"https:\/\/turcon.es\/wp\/wp-json\/wp\/v2\/categories?post=9465"},{"taxonomy":"post_tag","embeddable":true,"href":"https:\/\/turcon.es\/wp\/wp-json\/wp\/v2\/tags?post=9465"}],"curies":[{"name":"wp","href":"https:\/\/api.w.org\/{rel}","templated":true}]}}