{"id":9586,"date":"2013-04-02T20:41:59","date_gmt":"2013-04-02T20:41:59","guid":{"rendered":"http:\/\/turcon.wordpress.com\/?p=9586"},"modified":"2013-04-02T20:41:59","modified_gmt":"2013-04-02T20:41:59","slug":"sol-petroleo-viento-una-historia-de-la-energia-en-canarias","status":"publish","type":"post","link":"https:\/\/turcon.es\/wp\/sol-petroleo-viento-una-historia-de-la-energia-en-canarias\/","title":{"rendered":"Sol, petr\u00f3leo, viento. Una historia de la energ\u00eda en Canarias"},"content":{"rendered":"<div>\n<h3 style=\"text-align:justify;\">Este jueves, <span style=\"text-decoration:underline;\">d\u00eda 4 de abril, a partir de las 19:00 horas,<\/span> en el Gabinete literario (Alameda de Col\u00f3n) de Las Palmas de Gran Canaria se presenta el libro <strong>\u00abSol, petr\u00f3leo, viento. Una historia de la energ\u00eda en Canarias\u00bb, <\/strong>escrito por la Profesora doctora del Departamento de Ingenier\u00eda de Procesos de la ULPGC, <strong>Julieta C. Schallenberg Rodr\u00edguez,<\/strong> integrante, adem\u00e1s del Aula de Energ\u00eda y Sostenibilidad de la ULPGC.<\/h3>\n<p style=\"text-align:justify;\">El libro profundiza en un tema tan desconocido <img decoding=\"async\" class=\"alignleft\" alt=\"libro julieta.jpg\" src=\"http:\/\/www.canarias7.es\/blogs\/ventanaverde\/libro%20julieta.jpg\" width=\"150\" height=\"210\" \/>para la sociedad en general como es la energ\u00eda. Y, en concreto, se centra en un recorrido hist\u00f3rico y descriptivo de la energ\u00eda en Canarias desde la \u00e9poca prehisp\u00e1nica hasta el siglo XXI. Se trata, en definitiva, de contar la historia de Canarias desde un prisma diferente: desde el prisma energ\u00e9tico&#8230; la energ\u00eda como motor de la sociedad y motor de cambio.<\/p>\n<p style=\"text-align:justify;\">Energ\u00eda y desarrollo siempre han ido de la mano, Canarias no es ajena a esta situaci\u00f3n, y los grandes avances en las islas han ido acompa\u00f1ados de desaf\u00edos energ\u00e9ticos. La historia de Canarias contada desde una perspectiva energ\u00e9tica es la historia de los desaf\u00edos a los que ha tenido que enfrentarse este Archipi\u00e9lago desde antes de su conquista.<img decoding=\"async\" class=\"alignright\" alt=\"12.jpg\" src=\"http:\/\/www.canarias7.es\/blogs\/ventanaverde\/12.jpg\" width=\"170\" height=\"248\" \/><\/p>\n<p style=\"text-align:justify;\">A lo largo de estas p\u00e1ginas se intenta dar respuesta a preguntas como las de: \u00bfQu\u00e9 tipo de energ\u00eda se utilizaba? \u00bfC\u00f3mo se utilizaba? \u00bfCu\u00e1ndo se dieron los cambios de un sistema energ\u00e9tico a otro?\u00bfQu\u00e9 circunstancias dieron lugar a esos cambios? \u00bfCu\u00e1les fueron las dificultades que se encontraron en cada una de estas etapas? \u00bfC\u00f3mo se relacionan los cambios energ\u00e9ticos con los cambios de modelos econ\u00f3micos? \u00bfQu\u00e9 influencia tuvieron estos cambios en la sociedad? \u00bfC\u00f3mo influenciaron el desarrollo de Canarias?<\/p>\n<\/div>\n<p style=\"text-align:justify;\">La Profesora del Departamento de Ingenier\u00eda de Procesos de la ULPGC, <strong>Doctora D\u00f1a. Julieta C. Schallenberg Rodr\u00edguez, <\/strong>acaba de leer su tesis doctoral europea en la Universidad de Las Palmas de Gran Canaria. Julieta ha realizado estancias de investigaci\u00f3n en la Universidad Tecnol\u00f3gica de Viena (Austria) y en el Fraunhofer Institute (Alemania) para la realizaci\u00f3n de su tesis doctoral, ha trabajado para la Comisi\u00f3n Europea en los \u00faltimos a\u00f1os como experta independiente, ha sido premio de investigaci\u00f3n 2009 por la Fundaci\u00f3n Amurga (el libro que se presenta el jueves es un resumen de este trabajo premiado) y ha participado en numerosas publicaciones y congresos relacionados con las energ\u00edas renovables, la energ\u00eda y la sostenibilidad. Durante varios a\u00f1os trabaj\u00f3 en el ITC en proyectos europeos en el \u00e1mbito de las energ\u00edas renovables, entre los que destaca, por su relevancia regional, el proyecto para autoabastecer a la isla de El Hierro con energ\u00edas renovables.<\/p>\n","protected":false},"excerpt":{"rendered":"<p>Este jueves, d\u00eda 4 de abril, a partir de las 19:00 horas, en el Gabinete literario (Alameda de Col\u00f3n) de Las Palmas de Gran Canaria se presenta el libro \u00abSol, petr\u00f3leo, viento. Una historia de la energ\u00eda en Canarias\u00bb, escrito por la Profesora doctora del Departamento de Ingenier\u00eda de Procesos de la ULPGC, Julieta C. [&hellip;]<\/p>\n","protected":false},"author":2,"featured_media":0,"comment_status":"open","ping_status":"open","sticky":false,"template":"","format":"standard","meta":{"footnotes":""},"categories":[18,34,54],"tags":[1363],"class_list":["post-9586","post","type-post","status-publish","format-standard","hentry","category-canarias","category-energia","category-recomendamos-para-leer-ver-y-escuchar","tag-presentacion-libro"],"yoast_head":"<!-- This site is optimized with the Yoast SEO plugin v26.3 - https:\/\/yoast.com\/wordpress\/plugins\/seo\/ -->\n<title>Sol, petr\u00f3leo, viento. Una historia de la energ\u00eda en Canarias - Colectivo Ecologista Turcon<\/title>\n<meta name=\"robots\" content=\"index, follow, max-snippet:-1, max-image-preview:large, max-video-preview:-1\" \/>\n<link rel=\"canonical\" href=\"https:\/\/turcon.es\/wp\/sol-petroleo-viento-una-historia-de-la-energia-en-canarias\/\" \/>\n<meta property=\"og:locale\" content=\"es_ES\" \/>\n<meta property=\"og:type\" content=\"article\" \/>\n<meta property=\"og:title\" content=\"Sol, petr\u00f3leo, viento. Una historia de la energ\u00eda en Canarias - Colectivo Ecologista Turcon\" \/>\n<meta property=\"og:description\" content=\"Este jueves, d\u00eda 4 de abril, a partir de las 19:00 horas, en el Gabinete literario (Alameda de Col\u00f3n) de Las Palmas de Gran Canaria se presenta el libro \u00abSol, petr\u00f3leo, viento. Una historia de la energ\u00eda en Canarias\u00bb, escrito por la Profesora doctora del Departamento de Ingenier\u00eda de Procesos de la ULPGC, Julieta C. [&hellip;]\" \/>\n<meta property=\"og:url\" content=\"https:\/\/turcon.es\/wp\/sol-petroleo-viento-una-historia-de-la-energia-en-canarias\/\" \/>\n<meta property=\"og:site_name\" content=\"Colectivo Ecologista Turcon\" \/>\n<meta property=\"article:published_time\" content=\"2013-04-02T20:41:59+00:00\" \/>\n<meta property=\"og:image\" content=\"http:\/\/www.canarias7.es\/blogs\/ventanaverde\/libro%20julieta.jpg\" \/>\n<meta name=\"author\" content=\"Laura Fernandez\" \/>\n<meta name=\"twitter:card\" content=\"summary_large_image\" \/>\n<meta name=\"twitter:label1\" content=\"Escrito por\" \/>\n\t<meta name=\"twitter:data1\" content=\"Laura Fernandez\" \/>\n\t<meta name=\"twitter:label2\" content=\"Tiempo de lectura\" \/>\n\t<meta name=\"twitter:data2\" content=\"2 minutos\" \/>\n<script type=\"application\/ld+json\" class=\"yoast-schema-graph\">{\"@context\":\"https:\/\/schema.org\",\"@graph\":[{\"@type\":\"Article\",\"@id\":\"https:\/\/turcon.es\/wp\/sol-petroleo-viento-una-historia-de-la-energia-en-canarias\/#article\",\"isPartOf\":{\"@id\":\"https:\/\/turcon.es\/wp\/sol-petroleo-viento-una-historia-de-la-energia-en-canarias\/\"},\"author\":{\"name\":\"Laura Fernandez\",\"@id\":\"https:\/\/turcon.es\/wp\/#\/schema\/person\/a1f3ba727ce031d9da17684affe85edd\"},\"headline\":\"Sol, petr\u00f3leo, viento. Una historia de la energ\u00eda en Canarias\",\"datePublished\":\"2013-04-02T20:41:59+00:00\",\"mainEntityOfPage\":{\"@id\":\"https:\/\/turcon.es\/wp\/sol-petroleo-viento-una-historia-de-la-energia-en-canarias\/\"},\"wordCount\":485,\"commentCount\":0,\"publisher\":{\"@id\":\"https:\/\/turcon.es\/wp\/#organization\"},\"image\":{\"@id\":\"https:\/\/turcon.es\/wp\/sol-petroleo-viento-una-historia-de-la-energia-en-canarias\/#primaryimage\"},\"thumbnailUrl\":\"http:\/\/www.canarias7.es\/blogs\/ventanaverde\/libro%20julieta.jpg\",\"keywords\":[\"Presentaci\u00f3n libro\"],\"articleSection\":[\"Canarias\",\"Energ\u00eda\",\"Recomendamos para leer, ver y escuchar...\"],\"inLanguage\":\"es\",\"potentialAction\":[{\"@type\":\"CommentAction\",\"name\":\"Comment\",\"target\":[\"https:\/\/turcon.es\/wp\/sol-petroleo-viento-una-historia-de-la-energia-en-canarias\/#respond\"]}]},{\"@type\":\"WebPage\",\"@id\":\"https:\/\/turcon.es\/wp\/sol-petroleo-viento-una-historia-de-la-energia-en-canarias\/\",\"url\":\"https:\/\/turcon.es\/wp\/sol-petroleo-viento-una-historia-de-la-energia-en-canarias\/\",\"name\":\"Sol, petr\u00f3leo, viento. Una historia de la energ\u00eda en Canarias - Colectivo Ecologista Turcon\",\"isPartOf\":{\"@id\":\"https:\/\/turcon.es\/wp\/#website\"},\"primaryImageOfPage\":{\"@id\":\"https:\/\/turcon.es\/wp\/sol-petroleo-viento-una-historia-de-la-energia-en-canarias\/#primaryimage\"},\"image\":{\"@id\":\"https:\/\/turcon.es\/wp\/sol-petroleo-viento-una-historia-de-la-energia-en-canarias\/#primaryimage\"},\"thumbnailUrl\":\"http:\/\/www.canarias7.es\/blogs\/ventanaverde\/libro%20julieta.jpg\",\"datePublished\":\"2013-04-02T20:41:59+00:00\",\"breadcrumb\":{\"@id\":\"https:\/\/turcon.es\/wp\/sol-petroleo-viento-una-historia-de-la-energia-en-canarias\/#breadcrumb\"},\"inLanguage\":\"es\",\"potentialAction\":[{\"@type\":\"ReadAction\",\"target\":[\"https:\/\/turcon.es\/wp\/sol-petroleo-viento-una-historia-de-la-energia-en-canarias\/\"]}]},{\"@type\":\"ImageObject\",\"inLanguage\":\"es\",\"@id\":\"https:\/\/turcon.es\/wp\/sol-petroleo-viento-una-historia-de-la-energia-en-canarias\/#primaryimage\",\"url\":\"http:\/\/www.canarias7.es\/blogs\/ventanaverde\/libro%20julieta.jpg\",\"contentUrl\":\"http:\/\/www.canarias7.es\/blogs\/ventanaverde\/libro%20julieta.jpg\"},{\"@type\":\"BreadcrumbList\",\"@id\":\"https:\/\/turcon.es\/wp\/sol-petroleo-viento-una-historia-de-la-energia-en-canarias\/#breadcrumb\",\"itemListElement\":[{\"@type\":\"ListItem\",\"position\":1,\"name\":\"Portada\",\"item\":\"https:\/\/turcon.es\/wp\/\"},{\"@type\":\"ListItem\",\"position\":2,\"name\":\"Sol, petr\u00f3leo, viento. Una historia de la energ\u00eda en Canarias\"}]},{\"@type\":\"WebSite\",\"@id\":\"https:\/\/turcon.es\/wp\/#website\",\"url\":\"https:\/\/turcon.es\/wp\/\",\"name\":\"Colectivo Ecologista Turcon\",\"description\":\"\",\"publisher\":{\"@id\":\"https:\/\/turcon.es\/wp\/#organization\"},\"potentialAction\":[{\"@type\":\"SearchAction\",\"target\":{\"@type\":\"EntryPoint\",\"urlTemplate\":\"https:\/\/turcon.es\/wp\/?s={search_term_string}\"},\"query-input\":{\"@type\":\"PropertyValueSpecification\",\"valueRequired\":true,\"valueName\":\"search_term_string\"}}],\"inLanguage\":\"es\"},{\"@type\":\"Organization\",\"@id\":\"https:\/\/turcon.es\/wp\/#organization\",\"name\":\"Colectivo Ecologista Turcon\",\"url\":\"https:\/\/turcon.es\/wp\/\",\"logo\":{\"@type\":\"ImageObject\",\"inLanguage\":\"es\",\"@id\":\"https:\/\/turcon.es\/wp\/#\/schema\/logo\/image\/\",\"url\":\"https:\/\/turcon.es\/wp\/wp-content\/uploads\/2025\/03\/logo-verde.svg\",\"contentUrl\":\"https:\/\/turcon.es\/wp\/wp-content\/uploads\/2025\/03\/logo-verde.svg\",\"width\":813,\"height\":813,\"caption\":\"Colectivo Ecologista Turcon\"},\"image\":{\"@id\":\"https:\/\/turcon.es\/wp\/#\/schema\/logo\/image\/\"}},{\"@type\":\"Person\",\"@id\":\"https:\/\/turcon.es\/wp\/#\/schema\/person\/a1f3ba727ce031d9da17684affe85edd\",\"name\":\"Laura Fernandez\",\"image\":{\"@type\":\"ImageObject\",\"inLanguage\":\"es\",\"@id\":\"https:\/\/turcon.es\/wp\/#\/schema\/person\/image\/\",\"url\":\"https:\/\/secure.gravatar.com\/avatar\/360749af9549af22e54582d50231ae56e854210ae2368797ba242f445a9852e8?s=96&d=mm&r=g\",\"contentUrl\":\"https:\/\/secure.gravatar.com\/avatar\/360749af9549af22e54582d50231ae56e854210ae2368797ba242f445a9852e8?s=96&d=mm&r=g\",\"caption\":\"Laura Fernandez\"},\"url\":\"https:\/\/turcon.es\/wp\/author\/admturcon\/\"}]}<\/script>\n<!-- \/ Yoast SEO plugin. -->","yoast_head_json":{"title":"Sol, petr\u00f3leo, viento. Una historia de la energ\u00eda en Canarias - Colectivo Ecologista Turcon","robots":{"index":"index","follow":"follow","max-snippet":"max-snippet:-1","max-image-preview":"max-image-preview:large","max-video-preview":"max-video-preview:-1"},"canonical":"https:\/\/turcon.es\/wp\/sol-petroleo-viento-una-historia-de-la-energia-en-canarias\/","og_locale":"es_ES","og_type":"article","og_title":"Sol, petr\u00f3leo, viento. Una historia de la energ\u00eda en Canarias - Colectivo Ecologista Turcon","og_description":"Este jueves, d\u00eda 4 de abril, a partir de las 19:00 horas, en el Gabinete literario (Alameda de Col\u00f3n) de Las Palmas de Gran Canaria se presenta el libro \u00abSol, petr\u00f3leo, viento. Una historia de la energ\u00eda en Canarias\u00bb, escrito por la Profesora doctora del Departamento de Ingenier\u00eda de Procesos de la ULPGC, Julieta C. [&hellip;]","og_url":"https:\/\/turcon.es\/wp\/sol-petroleo-viento-una-historia-de-la-energia-en-canarias\/","og_site_name":"Colectivo Ecologista Turcon","article_published_time":"2013-04-02T20:41:59+00:00","og_image":[{"url":"http:\/\/www.canarias7.es\/blogs\/ventanaverde\/libro%20julieta.jpg","type":"","width":"","height":""}],"author":"Laura Fernandez","twitter_card":"summary_large_image","twitter_misc":{"Escrito por":"Laura Fernandez","Tiempo de lectura":"2 minutos"},"schema":{"@context":"https:\/\/schema.org","@graph":[{"@type":"Article","@id":"https:\/\/turcon.es\/wp\/sol-petroleo-viento-una-historia-de-la-energia-en-canarias\/#article","isPartOf":{"@id":"https:\/\/turcon.es\/wp\/sol-petroleo-viento-una-historia-de-la-energia-en-canarias\/"},"author":{"name":"Laura Fernandez","@id":"https:\/\/turcon.es\/wp\/#\/schema\/person\/a1f3ba727ce031d9da17684affe85edd"},"headline":"Sol, petr\u00f3leo, viento. Una historia de la energ\u00eda en Canarias","datePublished":"2013-04-02T20:41:59+00:00","mainEntityOfPage":{"@id":"https:\/\/turcon.es\/wp\/sol-petroleo-viento-una-historia-de-la-energia-en-canarias\/"},"wordCount":485,"commentCount":0,"publisher":{"@id":"https:\/\/turcon.es\/wp\/#organization"},"image":{"@id":"https:\/\/turcon.es\/wp\/sol-petroleo-viento-una-historia-de-la-energia-en-canarias\/#primaryimage"},"thumbnailUrl":"http:\/\/www.canarias7.es\/blogs\/ventanaverde\/libro%20julieta.jpg","keywords":["Presentaci\u00f3n libro"],"articleSection":["Canarias","Energ\u00eda","Recomendamos para leer, ver y escuchar..."],"inLanguage":"es","potentialAction":[{"@type":"CommentAction","name":"Comment","target":["https:\/\/turcon.es\/wp\/sol-petroleo-viento-una-historia-de-la-energia-en-canarias\/#respond"]}]},{"@type":"WebPage","@id":"https:\/\/turcon.es\/wp\/sol-petroleo-viento-una-historia-de-la-energia-en-canarias\/","url":"https:\/\/turcon.es\/wp\/sol-petroleo-viento-una-historia-de-la-energia-en-canarias\/","name":"Sol, petr\u00f3leo, viento. Una historia de la energ\u00eda en Canarias - Colectivo Ecologista Turcon","isPartOf":{"@id":"https:\/\/turcon.es\/wp\/#website"},"primaryImageOfPage":{"@id":"https:\/\/turcon.es\/wp\/sol-petroleo-viento-una-historia-de-la-energia-en-canarias\/#primaryimage"},"image":{"@id":"https:\/\/turcon.es\/wp\/sol-petroleo-viento-una-historia-de-la-energia-en-canarias\/#primaryimage"},"thumbnailUrl":"http:\/\/www.canarias7.es\/blogs\/ventanaverde\/libro%20julieta.jpg","datePublished":"2013-04-02T20:41:59+00:00","breadcrumb":{"@id":"https:\/\/turcon.es\/wp\/sol-petroleo-viento-una-historia-de-la-energia-en-canarias\/#breadcrumb"},"inLanguage":"es","potentialAction":[{"@type":"ReadAction","target":["https:\/\/turcon.es\/wp\/sol-petroleo-viento-una-historia-de-la-energia-en-canarias\/"]}]},{"@type":"ImageObject","inLanguage":"es","@id":"https:\/\/turcon.es\/wp\/sol-petroleo-viento-una-historia-de-la-energia-en-canarias\/#primaryimage","url":"http:\/\/www.canarias7.es\/blogs\/ventanaverde\/libro%20julieta.jpg","contentUrl":"http:\/\/www.canarias7.es\/blogs\/ventanaverde\/libro%20julieta.jpg"},{"@type":"BreadcrumbList","@id":"https:\/\/turcon.es\/wp\/sol-petroleo-viento-una-historia-de-la-energia-en-canarias\/#breadcrumb","itemListElement":[{"@type":"ListItem","position":1,"name":"Portada","item":"https:\/\/turcon.es\/wp\/"},{"@type":"ListItem","position":2,"name":"Sol, petr\u00f3leo, viento. Una historia de la energ\u00eda en Canarias"}]},{"@type":"WebSite","@id":"https:\/\/turcon.es\/wp\/#website","url":"https:\/\/turcon.es\/wp\/","name":"Colectivo Ecologista Turcon","description":"","publisher":{"@id":"https:\/\/turcon.es\/wp\/#organization"},"potentialAction":[{"@type":"SearchAction","target":{"@type":"EntryPoint","urlTemplate":"https:\/\/turcon.es\/wp\/?s={search_term_string}"},"query-input":{"@type":"PropertyValueSpecification","valueRequired":true,"valueName":"search_term_string"}}],"inLanguage":"es"},{"@type":"Organization","@id":"https:\/\/turcon.es\/wp\/#organization","name":"Colectivo Ecologista Turcon","url":"https:\/\/turcon.es\/wp\/","logo":{"@type":"ImageObject","inLanguage":"es","@id":"https:\/\/turcon.es\/wp\/#\/schema\/logo\/image\/","url":"https:\/\/turcon.es\/wp\/wp-content\/uploads\/2025\/03\/logo-verde.svg","contentUrl":"https:\/\/turcon.es\/wp\/wp-content\/uploads\/2025\/03\/logo-verde.svg","width":813,"height":813,"caption":"Colectivo Ecologista Turcon"},"image":{"@id":"https:\/\/turcon.es\/wp\/#\/schema\/logo\/image\/"}},{"@type":"Person","@id":"https:\/\/turcon.es\/wp\/#\/schema\/person\/a1f3ba727ce031d9da17684affe85edd","name":"Laura Fernandez","image":{"@type":"ImageObject","inLanguage":"es","@id":"https:\/\/turcon.es\/wp\/#\/schema\/person\/image\/","url":"https:\/\/secure.gravatar.com\/avatar\/360749af9549af22e54582d50231ae56e854210ae2368797ba242f445a9852e8?s=96&d=mm&r=g","contentUrl":"https:\/\/secure.gravatar.com\/avatar\/360749af9549af22e54582d50231ae56e854210ae2368797ba242f445a9852e8?s=96&d=mm&r=g","caption":"Laura Fernandez"},"url":"https:\/\/turcon.es\/wp\/author\/admturcon\/"}]}},"_links":{"self":[{"href":"https:\/\/turcon.es\/wp\/wp-json\/wp\/v2\/posts\/9586","targetHints":{"allow":["GET"]}}],"collection":[{"href":"https:\/\/turcon.es\/wp\/wp-json\/wp\/v2\/posts"}],"about":[{"href":"https:\/\/turcon.es\/wp\/wp-json\/wp\/v2\/types\/post"}],"author":[{"embeddable":true,"href":"https:\/\/turcon.es\/wp\/wp-json\/wp\/v2\/users\/2"}],"replies":[{"embeddable":true,"href":"https:\/\/turcon.es\/wp\/wp-json\/wp\/v2\/comments?post=9586"}],"version-history":[{"count":0,"href":"https:\/\/turcon.es\/wp\/wp-json\/wp\/v2\/posts\/9586\/revisions"}],"wp:attachment":[{"href":"https:\/\/turcon.es\/wp\/wp-json\/wp\/v2\/media?parent=9586"}],"wp:term":[{"taxonomy":"category","embeddable":true,"href":"https:\/\/turcon.es\/wp\/wp-json\/wp\/v2\/categories?post=9586"},{"taxonomy":"post_tag","embeddable":true,"href":"https:\/\/turcon.es\/wp\/wp-json\/wp\/v2\/tags?post=9586"}],"curies":[{"name":"wp","href":"https:\/\/api.w.org\/{rel}","templated":true}]}}