{"id":9744,"date":"2013-05-16T10:40:09","date_gmt":"2013-05-16T10:40:09","guid":{"rendered":"http:\/\/turcon.wordpress.com\/?p=9744"},"modified":"2013-05-16T10:40:09","modified_gmt":"2013-05-16T10:40:09","slug":"encuentro-de-senderistas-en-los-moriscos","status":"publish","type":"post","link":"https:\/\/turcon.es\/wp\/encuentro-de-senderistas-en-los-moriscos\/","title":{"rendered":"Encuentro de Senderistas en Los Moriscos"},"content":{"rendered":"<p><span style=\"color:#800000;\"><strong>II ENCUENTRO SENDERISTAS<\/strong><\/span><\/p>\n<p><span style=\"color:#800000;\"><strong> CENTENARIO CRUZ DE LOS MORISCOS<\/strong><\/span><\/p>\n<p>El pr\u00f3ximo s\u00e1bado d\u00eda 1 de junio, tendr\u00e1 lugar un nuevo encuentro de senderistas, con motivo del centenario de la \u201cCruz de Los Moriscos\u201d.\u00a0 los 5 municipios colindantes han organizado este evento para los amantes del senderismo en general.<a href=\"http:\/\/turcon.es\/wp\/wp-content\/uploads\/2013\/05\/945030_467036806707914_2143006773_n.jpg\"><img fetchpriority=\"high\" decoding=\"async\" class=\"alignright size-medium wp-image-9745\" alt=\"945030_467036806707914_2143006773_n\" src=\"http:\/\/turcon.es\/wp\/wp-content\/uploads\/2013\/05\/945030_467036806707914_2143006773_n.jpg?w=225\" width=\"225\" height=\"300\" srcset=\"https:\/\/turcon.es\/wp\/wp-content\/uploads\/2013\/05\/945030_467036806707914_2143006773_n.jpg 720w, https:\/\/turcon.es\/wp\/wp-content\/uploads\/2013\/05\/945030_467036806707914_2143006773_n-225x300.jpg 225w\" sizes=\"(max-width: 225px) 100vw, 225px\" \/><\/a><\/p>\n<p>PROGRAMA:<\/p>\n<p>&#8211; 10h\u00a0 Encuentro de todos los municipios en La Cruz de Los Moriscos.<\/p>\n<p>&#8211; 11h Salida de los Senderistas con destino a Tejeda.<\/p>\n<p>&#8211; 13h LLegada estimada a Tejeda. Almuerzo y baile popular.<\/p>\n<p>Precio: 8 euros (Incluye transporte, seguro y comida).<\/p>\n<p><span style=\"text-decoration:underline;\"><strong>M\u00e1s informaci\u00f3n e inscripci\u00f3n:\u00a0<\/strong><\/span><\/p>\n<p>Oficina de Turismo de Artenara\u00a0 928 666 102<\/p>\n<p>Concejal\u00eda de Cultura de G\u00e1ldar\u00a0 928 551 090<\/p>\n<p>Ayuntamiento de Moya 928 611 255 extensi\u00f3n: 200<\/p>\n<p>Ayuntamiento de Tejeda 928 666 001<\/p>\n<p>Oficina de Turismo de Valleseco 928 618 740<\/p>\n<p>Fecha l\u00edmite de Inscripci\u00f3n el <span style=\"text-decoration:underline;\">24 de mayo de 2013<\/span> (Plazas Limitadas).<\/p>\n<p>&nbsp;<\/p>\n","protected":false},"excerpt":{"rendered":"<p>II ENCUENTRO SENDERISTAS CENTENARIO CRUZ DE LOS MORISCOS El pr\u00f3ximo s\u00e1bado d\u00eda 1 de junio, tendr\u00e1 lugar un nuevo encuentro de senderistas, con motivo del centenario de la \u201cCruz de Los Moriscos\u201d.\u00a0 los 5 municipios colindantes han organizado este evento para los amantes del senderismo en general. PROGRAMA: &#8211; 10h\u00a0 Encuentro de todos los municipios [&hellip;]<\/p>\n","protected":false},"author":2,"featured_media":0,"comment_status":"open","ping_status":"open","sticky":false,"template":"","format":"standard","meta":{"footnotes":""},"categories":[8,69,57,58],"tags":[],"class_list":["post-9744","post","type-post","status-publish","format-standard","hentry","category-administracion-publica","category-movimiento-ciudadano","category-senderismo","category-sociedad-y-derechos"],"yoast_head":"<!-- This site is optimized with the Yoast SEO plugin v26.3 - https:\/\/yoast.com\/wordpress\/plugins\/seo\/ -->\n<title>Encuentro de Senderistas en Los Moriscos - Colectivo Ecologista Turcon<\/title>\n<meta name=\"robots\" content=\"index, follow, max-snippet:-1, max-image-preview:large, max-video-preview:-1\" \/>\n<link rel=\"canonical\" href=\"https:\/\/turcon.es\/wp\/encuentro-de-senderistas-en-los-moriscos\/\" \/>\n<meta property=\"og:locale\" content=\"es_ES\" \/>\n<meta property=\"og:type\" content=\"article\" \/>\n<meta property=\"og:title\" content=\"Encuentro de Senderistas en Los Moriscos - Colectivo Ecologista Turcon\" \/>\n<meta property=\"og:description\" content=\"II ENCUENTRO SENDERISTAS CENTENARIO CRUZ DE LOS MORISCOS El pr\u00f3ximo s\u00e1bado d\u00eda 1 de junio, tendr\u00e1 lugar un nuevo encuentro de senderistas, con motivo del centenario de la \u201cCruz de Los Moriscos\u201d.\u00a0 los 5 municipios colindantes han organizado este evento para los amantes del senderismo en general. PROGRAMA: &#8211; 10h\u00a0 Encuentro de todos los municipios [&hellip;]\" \/>\n<meta property=\"og:url\" content=\"https:\/\/turcon.es\/wp\/encuentro-de-senderistas-en-los-moriscos\/\" \/>\n<meta property=\"og:site_name\" content=\"Colectivo Ecologista Turcon\" \/>\n<meta property=\"article:published_time\" content=\"2013-05-16T10:40:09+00:00\" \/>\n<meta property=\"og:image\" content=\"https:\/\/turcon.es\/wp\/wp-content\/uploads\/2013\/05\/945030_467036806707914_2143006773_n.jpg\" \/>\n\t<meta property=\"og:image:width\" content=\"720\" \/>\n\t<meta property=\"og:image:height\" content=\"960\" \/>\n\t<meta property=\"og:image:type\" content=\"image\/jpeg\" \/>\n<meta name=\"author\" content=\"Laura Fernandez\" \/>\n<meta name=\"twitter:card\" content=\"summary_large_image\" \/>\n<meta name=\"twitter:label1\" content=\"Escrito por\" \/>\n\t<meta name=\"twitter:data1\" content=\"Laura Fernandez\" \/>\n\t<meta name=\"twitter:label2\" content=\"Tiempo de lectura\" \/>\n\t<meta name=\"twitter:data2\" content=\"1 minuto\" \/>\n<script type=\"application\/ld+json\" class=\"yoast-schema-graph\">{\"@context\":\"https:\/\/schema.org\",\"@graph\":[{\"@type\":\"Article\",\"@id\":\"https:\/\/turcon.es\/wp\/encuentro-de-senderistas-en-los-moriscos\/#article\",\"isPartOf\":{\"@id\":\"https:\/\/turcon.es\/wp\/encuentro-de-senderistas-en-los-moriscos\/\"},\"author\":{\"name\":\"Laura Fernandez\",\"@id\":\"https:\/\/turcon.es\/wp\/#\/schema\/person\/a1f3ba727ce031d9da17684affe85edd\"},\"headline\":\"Encuentro de Senderistas en Los Moriscos\",\"datePublished\":\"2013-05-16T10:40:09+00:00\",\"mainEntityOfPage\":{\"@id\":\"https:\/\/turcon.es\/wp\/encuentro-de-senderistas-en-los-moriscos\/\"},\"wordCount\":140,\"commentCount\":0,\"publisher\":{\"@id\":\"https:\/\/turcon.es\/wp\/#organization\"},\"image\":{\"@id\":\"https:\/\/turcon.es\/wp\/encuentro-de-senderistas-en-los-moriscos\/#primaryimage\"},\"thumbnailUrl\":\"http:\/\/turcon.es\/wp\/wp-content\/uploads\/2013\/05\/945030_467036806707914_2143006773_n.jpg?w=225\",\"articleSection\":[\"Administraci\u00f3n p\u00fablica\",\"Movimiento ciudadano\",\"Senderismo\",\"Sociedad y derechos\"],\"inLanguage\":\"es\",\"potentialAction\":[{\"@type\":\"CommentAction\",\"name\":\"Comment\",\"target\":[\"https:\/\/turcon.es\/wp\/encuentro-de-senderistas-en-los-moriscos\/#respond\"]}]},{\"@type\":\"WebPage\",\"@id\":\"https:\/\/turcon.es\/wp\/encuentro-de-senderistas-en-los-moriscos\/\",\"url\":\"https:\/\/turcon.es\/wp\/encuentro-de-senderistas-en-los-moriscos\/\",\"name\":\"Encuentro de Senderistas en Los Moriscos - Colectivo Ecologista Turcon\",\"isPartOf\":{\"@id\":\"https:\/\/turcon.es\/wp\/#website\"},\"primaryImageOfPage\":{\"@id\":\"https:\/\/turcon.es\/wp\/encuentro-de-senderistas-en-los-moriscos\/#primaryimage\"},\"image\":{\"@id\":\"https:\/\/turcon.es\/wp\/encuentro-de-senderistas-en-los-moriscos\/#primaryimage\"},\"thumbnailUrl\":\"http:\/\/turcon.es\/wp\/wp-content\/uploads\/2013\/05\/945030_467036806707914_2143006773_n.jpg?w=225\",\"datePublished\":\"2013-05-16T10:40:09+00:00\",\"breadcrumb\":{\"@id\":\"https:\/\/turcon.es\/wp\/encuentro-de-senderistas-en-los-moriscos\/#breadcrumb\"},\"inLanguage\":\"es\",\"potentialAction\":[{\"@type\":\"ReadAction\",\"target\":[\"https:\/\/turcon.es\/wp\/encuentro-de-senderistas-en-los-moriscos\/\"]}]},{\"@type\":\"ImageObject\",\"inLanguage\":\"es\",\"@id\":\"https:\/\/turcon.es\/wp\/encuentro-de-senderistas-en-los-moriscos\/#primaryimage\",\"url\":\"http:\/\/turcon.es\/wp\/wp-content\/uploads\/2013\/05\/945030_467036806707914_2143006773_n.jpg?w=225\",\"contentUrl\":\"http:\/\/turcon.es\/wp\/wp-content\/uploads\/2013\/05\/945030_467036806707914_2143006773_n.jpg?w=225\"},{\"@type\":\"BreadcrumbList\",\"@id\":\"https:\/\/turcon.es\/wp\/encuentro-de-senderistas-en-los-moriscos\/#breadcrumb\",\"itemListElement\":[{\"@type\":\"ListItem\",\"position\":1,\"name\":\"Portada\",\"item\":\"https:\/\/turcon.es\/wp\/\"},{\"@type\":\"ListItem\",\"position\":2,\"name\":\"Encuentro de Senderistas en Los Moriscos\"}]},{\"@type\":\"WebSite\",\"@id\":\"https:\/\/turcon.es\/wp\/#website\",\"url\":\"https:\/\/turcon.es\/wp\/\",\"name\":\"Colectivo Ecologista Turcon\",\"description\":\"\",\"publisher\":{\"@id\":\"https:\/\/turcon.es\/wp\/#organization\"},\"potentialAction\":[{\"@type\":\"SearchAction\",\"target\":{\"@type\":\"EntryPoint\",\"urlTemplate\":\"https:\/\/turcon.es\/wp\/?s={search_term_string}\"},\"query-input\":{\"@type\":\"PropertyValueSpecification\",\"valueRequired\":true,\"valueName\":\"search_term_string\"}}],\"inLanguage\":\"es\"},{\"@type\":\"Organization\",\"@id\":\"https:\/\/turcon.es\/wp\/#organization\",\"name\":\"Colectivo Ecologista Turcon\",\"url\":\"https:\/\/turcon.es\/wp\/\",\"logo\":{\"@type\":\"ImageObject\",\"inLanguage\":\"es\",\"@id\":\"https:\/\/turcon.es\/wp\/#\/schema\/logo\/image\/\",\"url\":\"https:\/\/turcon.es\/wp\/wp-content\/uploads\/2025\/03\/logo-verde.svg\",\"contentUrl\":\"https:\/\/turcon.es\/wp\/wp-content\/uploads\/2025\/03\/logo-verde.svg\",\"width\":813,\"height\":813,\"caption\":\"Colectivo Ecologista Turcon\"},\"image\":{\"@id\":\"https:\/\/turcon.es\/wp\/#\/schema\/logo\/image\/\"}},{\"@type\":\"Person\",\"@id\":\"https:\/\/turcon.es\/wp\/#\/schema\/person\/a1f3ba727ce031d9da17684affe85edd\",\"name\":\"Laura Fernandez\",\"image\":{\"@type\":\"ImageObject\",\"inLanguage\":\"es\",\"@id\":\"https:\/\/turcon.es\/wp\/#\/schema\/person\/image\/\",\"url\":\"https:\/\/secure.gravatar.com\/avatar\/360749af9549af22e54582d50231ae56e854210ae2368797ba242f445a9852e8?s=96&d=mm&r=g\",\"contentUrl\":\"https:\/\/secure.gravatar.com\/avatar\/360749af9549af22e54582d50231ae56e854210ae2368797ba242f445a9852e8?s=96&d=mm&r=g\",\"caption\":\"Laura Fernandez\"},\"url\":\"https:\/\/turcon.es\/wp\/author\/admturcon\/\"}]}<\/script>\n<!-- \/ Yoast SEO plugin. -->","yoast_head_json":{"title":"Encuentro de Senderistas en Los Moriscos - Colectivo Ecologista Turcon","robots":{"index":"index","follow":"follow","max-snippet":"max-snippet:-1","max-image-preview":"max-image-preview:large","max-video-preview":"max-video-preview:-1"},"canonical":"https:\/\/turcon.es\/wp\/encuentro-de-senderistas-en-los-moriscos\/","og_locale":"es_ES","og_type":"article","og_title":"Encuentro de Senderistas en Los Moriscos - Colectivo Ecologista Turcon","og_description":"II ENCUENTRO SENDERISTAS CENTENARIO CRUZ DE LOS MORISCOS El pr\u00f3ximo s\u00e1bado d\u00eda 1 de junio, tendr\u00e1 lugar un nuevo encuentro de senderistas, con motivo del centenario de la \u201cCruz de Los Moriscos\u201d.\u00a0 los 5 municipios colindantes han organizado este evento para los amantes del senderismo en general. PROGRAMA: &#8211; 10h\u00a0 Encuentro de todos los municipios [&hellip;]","og_url":"https:\/\/turcon.es\/wp\/encuentro-de-senderistas-en-los-moriscos\/","og_site_name":"Colectivo Ecologista Turcon","article_published_time":"2013-05-16T10:40:09+00:00","og_image":[{"width":720,"height":960,"url":"https:\/\/turcon.es\/wp\/wp-content\/uploads\/2013\/05\/945030_467036806707914_2143006773_n.jpg","type":"image\/jpeg"}],"author":"Laura Fernandez","twitter_card":"summary_large_image","twitter_misc":{"Escrito por":"Laura Fernandez","Tiempo de lectura":"1 minuto"},"schema":{"@context":"https:\/\/schema.org","@graph":[{"@type":"Article","@id":"https:\/\/turcon.es\/wp\/encuentro-de-senderistas-en-los-moriscos\/#article","isPartOf":{"@id":"https:\/\/turcon.es\/wp\/encuentro-de-senderistas-en-los-moriscos\/"},"author":{"name":"Laura Fernandez","@id":"https:\/\/turcon.es\/wp\/#\/schema\/person\/a1f3ba727ce031d9da17684affe85edd"},"headline":"Encuentro de Senderistas en Los Moriscos","datePublished":"2013-05-16T10:40:09+00:00","mainEntityOfPage":{"@id":"https:\/\/turcon.es\/wp\/encuentro-de-senderistas-en-los-moriscos\/"},"wordCount":140,"commentCount":0,"publisher":{"@id":"https:\/\/turcon.es\/wp\/#organization"},"image":{"@id":"https:\/\/turcon.es\/wp\/encuentro-de-senderistas-en-los-moriscos\/#primaryimage"},"thumbnailUrl":"http:\/\/turcon.es\/wp\/wp-content\/uploads\/2013\/05\/945030_467036806707914_2143006773_n.jpg?w=225","articleSection":["Administraci\u00f3n p\u00fablica","Movimiento ciudadano","Senderismo","Sociedad y derechos"],"inLanguage":"es","potentialAction":[{"@type":"CommentAction","name":"Comment","target":["https:\/\/turcon.es\/wp\/encuentro-de-senderistas-en-los-moriscos\/#respond"]}]},{"@type":"WebPage","@id":"https:\/\/turcon.es\/wp\/encuentro-de-senderistas-en-los-moriscos\/","url":"https:\/\/turcon.es\/wp\/encuentro-de-senderistas-en-los-moriscos\/","name":"Encuentro de Senderistas en Los Moriscos - Colectivo Ecologista Turcon","isPartOf":{"@id":"https:\/\/turcon.es\/wp\/#website"},"primaryImageOfPage":{"@id":"https:\/\/turcon.es\/wp\/encuentro-de-senderistas-en-los-moriscos\/#primaryimage"},"image":{"@id":"https:\/\/turcon.es\/wp\/encuentro-de-senderistas-en-los-moriscos\/#primaryimage"},"thumbnailUrl":"http:\/\/turcon.es\/wp\/wp-content\/uploads\/2013\/05\/945030_467036806707914_2143006773_n.jpg?w=225","datePublished":"2013-05-16T10:40:09+00:00","breadcrumb":{"@id":"https:\/\/turcon.es\/wp\/encuentro-de-senderistas-en-los-moriscos\/#breadcrumb"},"inLanguage":"es","potentialAction":[{"@type":"ReadAction","target":["https:\/\/turcon.es\/wp\/encuentro-de-senderistas-en-los-moriscos\/"]}]},{"@type":"ImageObject","inLanguage":"es","@id":"https:\/\/turcon.es\/wp\/encuentro-de-senderistas-en-los-moriscos\/#primaryimage","url":"http:\/\/turcon.es\/wp\/wp-content\/uploads\/2013\/05\/945030_467036806707914_2143006773_n.jpg?w=225","contentUrl":"http:\/\/turcon.es\/wp\/wp-content\/uploads\/2013\/05\/945030_467036806707914_2143006773_n.jpg?w=225"},{"@type":"BreadcrumbList","@id":"https:\/\/turcon.es\/wp\/encuentro-de-senderistas-en-los-moriscos\/#breadcrumb","itemListElement":[{"@type":"ListItem","position":1,"name":"Portada","item":"https:\/\/turcon.es\/wp\/"},{"@type":"ListItem","position":2,"name":"Encuentro de Senderistas en Los Moriscos"}]},{"@type":"WebSite","@id":"https:\/\/turcon.es\/wp\/#website","url":"https:\/\/turcon.es\/wp\/","name":"Colectivo Ecologista Turcon","description":"","publisher":{"@id":"https:\/\/turcon.es\/wp\/#organization"},"potentialAction":[{"@type":"SearchAction","target":{"@type":"EntryPoint","urlTemplate":"https:\/\/turcon.es\/wp\/?s={search_term_string}"},"query-input":{"@type":"PropertyValueSpecification","valueRequired":true,"valueName":"search_term_string"}}],"inLanguage":"es"},{"@type":"Organization","@id":"https:\/\/turcon.es\/wp\/#organization","name":"Colectivo Ecologista Turcon","url":"https:\/\/turcon.es\/wp\/","logo":{"@type":"ImageObject","inLanguage":"es","@id":"https:\/\/turcon.es\/wp\/#\/schema\/logo\/image\/","url":"https:\/\/turcon.es\/wp\/wp-content\/uploads\/2025\/03\/logo-verde.svg","contentUrl":"https:\/\/turcon.es\/wp\/wp-content\/uploads\/2025\/03\/logo-verde.svg","width":813,"height":813,"caption":"Colectivo Ecologista Turcon"},"image":{"@id":"https:\/\/turcon.es\/wp\/#\/schema\/logo\/image\/"}},{"@type":"Person","@id":"https:\/\/turcon.es\/wp\/#\/schema\/person\/a1f3ba727ce031d9da17684affe85edd","name":"Laura Fernandez","image":{"@type":"ImageObject","inLanguage":"es","@id":"https:\/\/turcon.es\/wp\/#\/schema\/person\/image\/","url":"https:\/\/secure.gravatar.com\/avatar\/360749af9549af22e54582d50231ae56e854210ae2368797ba242f445a9852e8?s=96&d=mm&r=g","contentUrl":"https:\/\/secure.gravatar.com\/avatar\/360749af9549af22e54582d50231ae56e854210ae2368797ba242f445a9852e8?s=96&d=mm&r=g","caption":"Laura Fernandez"},"url":"https:\/\/turcon.es\/wp\/author\/admturcon\/"}]}},"_links":{"self":[{"href":"https:\/\/turcon.es\/wp\/wp-json\/wp\/v2\/posts\/9744","targetHints":{"allow":["GET"]}}],"collection":[{"href":"https:\/\/turcon.es\/wp\/wp-json\/wp\/v2\/posts"}],"about":[{"href":"https:\/\/turcon.es\/wp\/wp-json\/wp\/v2\/types\/post"}],"author":[{"embeddable":true,"href":"https:\/\/turcon.es\/wp\/wp-json\/wp\/v2\/users\/2"}],"replies":[{"embeddable":true,"href":"https:\/\/turcon.es\/wp\/wp-json\/wp\/v2\/comments?post=9744"}],"version-history":[{"count":0,"href":"https:\/\/turcon.es\/wp\/wp-json\/wp\/v2\/posts\/9744\/revisions"}],"wp:attachment":[{"href":"https:\/\/turcon.es\/wp\/wp-json\/wp\/v2\/media?parent=9744"}],"wp:term":[{"taxonomy":"category","embeddable":true,"href":"https:\/\/turcon.es\/wp\/wp-json\/wp\/v2\/categories?post=9744"},{"taxonomy":"post_tag","embeddable":true,"href":"https:\/\/turcon.es\/wp\/wp-json\/wp\/v2\/tags?post=9744"}],"curies":[{"name":"wp","href":"https:\/\/api.w.org\/{rel}","templated":true}]}}