{"id":9842,"date":"2013-07-01T11:58:08","date_gmt":"2013-07-01T11:58:08","guid":{"rendered":"http:\/\/turcon.wordpress.com\/?p=9842"},"modified":"2013-07-01T11:58:08","modified_gmt":"2013-07-01T11:58:08","slug":"haciendo-frente-al-cambio-climatico","status":"publish","type":"post","link":"https:\/\/turcon.es\/wp\/haciendo-frente-al-cambio-climatico\/","title":{"rendered":"Haciendo frente al Cambio Clim\u00e1tico"},"content":{"rendered":"<p><a href=\"http:\/\/www.eventbrite.es\/org\/4021755593?s=14961855\" target=\"_blank\">Proyecto ClimaImpacto<\/a><\/p>\n<p>El Clima ejerce una enorme influencia en la naturaleza y en nuestras vidas, determina en gran medida la fauna y la flora de cada lugar, la cantidad de agua dulce disponible, los tipos de cultivos, etc.<a href=\"http:\/\/turcon.es\/wp\/wp-content\/uploads\/2012\/11\/ultimas-noticias.jpg\"><img decoding=\"async\" class=\"alignright size-medium wp-image-9156\" alt=\"Ultimas noticias\" src=\"http:\/\/turcon.es\/wp\/wp-content\/uploads\/2012\/11\/ultimas-noticias.jpg?w=300\" width=\"300\" height=\"127\" srcset=\"https:\/\/turcon.es\/wp\/wp-content\/uploads\/2012\/11\/ultimas-noticias.jpg 533w, https:\/\/turcon.es\/wp\/wp-content\/uploads\/2012\/11\/ultimas-noticias-300x128.jpg 300w\" sizes=\"(max-width: 300px) 100vw, 300px\" \/><\/a><\/p>\n<p>Los datos acumulados de miles de estaciones meteorol\u00f3gicas repartidas por todo el mundo demuestran que la temperatura del planeta est\u00e1 aumentando. Por otro lado, los an\u00e1lisis de muestras de aire del pasado acumuladas en los testigos de hielo de la Ant\u00e1rtida evidencian que nunca, en los \u00faltimos 1.000 a\u00f1os, la temperatura de la Tierra ha estado tan elevada como en la actualidad.<\/p>\n<p>Los efectos de este calentamiento se notan en cambios en la distribuci\u00f3n de muchas especies silvestres, modificaciones en la extensi\u00f3n de los bosques, variaciones en los ciclos hidrol\u00f3gicos y en muchos otros aspectos con consecuencias en el estilo y forma de vida de la sociedad humana.<\/p>\n<p><!--more--><\/p>\n<p>Aunque es dif\u00edcil establecer una clara relaci\u00f3n causa-efecto, es probable que algunos de los eventos clim\u00e1ticos de las \u00faltimas d\u00e9cadas en Canarias, como los cambios en la frecuencia de nubes, el aumento del n\u00famero de d\u00edas sometidos a invasiones de aire sahariano, la disminuci\u00f3n de las lluvias de noviembre, el incremento de la temperatura del mar o el aumento de las temperaturas nocturnas sean una derivaci\u00f3n colateral del calentamiento global.<\/p>\n<p>&nbsp;<\/p>\n<p>La estrecha relaci\u00f3n entre la temperatura y las concentraciones de Di\u00f3xido de carbono (CO2) en los registros paleoclim\u00e1ticos, el poder calor\u00edfico de este gas y la notable elevaci\u00f3n de su concentraci\u00f3n en la atm\u00f3sfera en el \u00faltimo siglo, permite concluir que son las emisiones de Gases de Efecto Invernadero (GEI) provocadas por las sociedades humanas industrializadas la causa del actual calentamiento.<\/p>\n<p>&nbsp;<\/p>\n<p>El Proyecto Clima\u2022Impacto pretende mejorar el conocimiento sobre los efectos del calentamiento global y su incidencia en la Macaronesia. Comprende acciones de an\u00e1lisis, monitorizaci\u00f3n y divulgaci\u00f3n, orientadas en \u00faltima instancia sensibilizar a la poblaci\u00f3n sobre las consecuencias del cambio clim\u00e1tico.<\/p>\n<p>&nbsp;<\/p>\n<p>&nbsp;<\/p>\n<p>Estrategia Canaria de Lucha contra el Cambio Clim\u00e1tico<\/p>\n<p>El Proyecto centra su actuaci\u00f3n en la Regi\u00f3n Canaria, aunque tambi\u00e9n a un pa\u00eds tercero de su entorno geogr\u00e1fico y cultural como es el Archipi\u00e9lago de Cabo Verde. Se organiza en cuatro pilares b\u00e1sicos:<\/p>\n<p>&nbsp;<\/p>\n<p>1. Repositorio de documental<\/p>\n<p>2. Efectos del cambio clim\u00e1tico y vulnerabilidades<\/p>\n<p>2. Seguimiento del cambio clim\u00e1tico<\/p>\n<p>3. Formaci\u00f3n y divulgaci\u00f3n<\/p>\n<p>&nbsp;<\/p>\n<p>&nbsp;<\/p>\n<p>&nbsp;<\/p>\n<p>3 de julio-2013<\/p>\n<p>Proyecto Clima-Impacto<\/p>\n<p>17:00 Inauguraci\u00f3n de las jornadas Viceconsejera de Medio Ambiente, Gobierno de Canarias<\/p>\n<p>Delegaci\u00f3n de Cabo Verde<\/p>\n<p>Representante de Gesplan<\/p>\n<p>17:30 Presentaci\u00f3n Proyecto \u201cClima-Impacto\u201d Jos\u00e9 Luis Mart\u00edn Esquivel<\/p>\n<p>Viceconsejer\u00eda de Medio Ambiente, Gobierno de Canarias<\/p>\n<p>18:00 Plan de Adaptaci\u00f3n de Cabo Verde Ester Ar\u00e1ujo de Brito<\/p>\n<p>Instituto Nacional de Meteorologia e Geof\u00edsica. Gobierno de Cabo Verde<\/p>\n<p>18:30 Pausa &#8211; Caf\u00e9<\/p>\n<p>18:45 Gases de efecto invernadero en Canarias Nayra Nazco Medina<\/p>\n<p>Viceconsejer\u00eda de Medio Ambiente, Gobierno de Canarias<\/p>\n<p>19:15 Mapas Clim\u00e1ticos<\/p>\n<p>de Gran Canaria y Tenerife<\/p>\n<p>Bayanor Santana Saavedra<\/p>\n<p>Viceconsejer\u00eda de Medio Ambiente, Gobierno de Canarias<\/p>\n<p>&nbsp;<\/p>\n<p>4 de julio<\/p>\n<p>\u00bfHacia d\u00f3nde vamos? Perspectivas de futuro<\/p>\n<p>17:30 &gt; 19:30 Di\u00e1logos con expertos<\/p>\n<p>sobre el Cambio Clim\u00e1tico<\/p>\n<p>David Bramwell<\/p>\n<p>Jard\u00edn Bot\u00e1nico Canario Viera y Clavijo, Cabildo de Gran Canaria<\/p>\n<p>Emilio Cuevas Agull\u00f3<\/p>\n<p>Agencia Estatal de Meteorolog\u00eda.<\/p>\n<p>Director del Centro de Investigaci\u00f3n Atmosf\u00e9rica de Iza\u00f1a<\/p>\n<p>Eugenio Fraile Nuez<\/p>\n<p>Instituto Espa\u00f1ol de Oceanograf\u00eda<\/p>\n<p>Carlos Cabrera<\/p>\n<p>Meteor\u00f3logo de Cuatro<\/p>\n<p>&nbsp;<\/p>\n<p>&nbsp;<\/p>\n<p>&nbsp;<\/p>\n<p>5de julio \u00bfQu\u00e9 estamos haciendo?<\/p>\n<p>09:00 &gt; 14:00 Opci\u00f3n Costa<\/p>\n<p>Visita guiada al Instituto Tecnol\u00f3gico de Canarias<\/p>\n<p>Personal ITC<\/p>\n<p>Visita Guiada a Reserva Natural Especial<\/p>\n<p>de las Dunas de Maspalomas<\/p>\n<p>Miguel \u00c1ngel Pe\u00f1a<\/p>\n<p>Bi\u00f3logo. Cabildo de Gran Canaria<\/p>\n<p>Opci\u00f3n Monta\u00f1a<\/p>\n<p>Visita guiada a la Reserva de la Biosfera<\/p>\n<p>de Gran Canaria<\/p>\n<p>Fernando Castellano<\/p>\n<p>Bi\u00f3logo. Cabildo de Gran Canaria<\/p>\n<p>&nbsp;<\/p>\n<p>Informaci\u00f3n e inscripci\u00f3n:<\/p>\n<p><a href=\"http:\/\/climaimpacto.eu\/\">http:\/\/climaimpacto.eu\/<\/a><\/p>\n","protected":false},"excerpt":{"rendered":"<p>Proyecto ClimaImpacto El Clima ejerce una enorme influencia en la naturaleza y en nuestras vidas, determina en gran medida la fauna y la flora de cada lugar, la cantidad de agua dulce disponible, los tipos de cultivos, etc. Los datos acumulados de miles de estaciones meteorol\u00f3gicas repartidas por todo el mundo demuestran que la temperatura [&hellip;]<\/p>\n","protected":false},"author":2,"featured_media":0,"comment_status":"open","ping_status":"open","sticky":false,"template":"","format":"standard","meta":{"footnotes":""},"categories":[8,17,22,24],"tags":[],"class_list":["post-9842","post","type-post","status-publish","format-standard","hentry","category-administracion-publica","category-cambio-climatico","category-concienciacion","category-consumismo"],"yoast_head":"<!-- This site is optimized with the Yoast SEO plugin v26.3 - https:\/\/yoast.com\/wordpress\/plugins\/seo\/ -->\n<title>Haciendo frente al Cambio Clim\u00e1tico - Colectivo Ecologista Turcon<\/title>\n<meta name=\"robots\" content=\"index, follow, max-snippet:-1, max-image-preview:large, max-video-preview:-1\" \/>\n<link rel=\"canonical\" href=\"https:\/\/turcon.es\/wp\/haciendo-frente-al-cambio-climatico\/\" \/>\n<meta property=\"og:locale\" content=\"es_ES\" \/>\n<meta property=\"og:type\" content=\"article\" \/>\n<meta property=\"og:title\" content=\"Haciendo frente al Cambio Clim\u00e1tico - Colectivo Ecologista Turcon\" \/>\n<meta property=\"og:description\" content=\"Proyecto ClimaImpacto El Clima ejerce una enorme influencia en la naturaleza y en nuestras vidas, determina en gran medida la fauna y la flora de cada lugar, la cantidad de agua dulce disponible, los tipos de cultivos, etc. Los datos acumulados de miles de estaciones meteorol\u00f3gicas repartidas por todo el mundo demuestran que la temperatura [&hellip;]\" \/>\n<meta property=\"og:url\" content=\"https:\/\/turcon.es\/wp\/haciendo-frente-al-cambio-climatico\/\" \/>\n<meta property=\"og:site_name\" content=\"Colectivo Ecologista Turcon\" \/>\n<meta property=\"article:published_time\" content=\"2013-07-01T11:58:08+00:00\" \/>\n<meta property=\"og:image\" content=\"https:\/\/turcon.es\/wp\/wp-content\/uploads\/2012\/11\/ultimas-noticias.jpg\" \/>\n\t<meta property=\"og:image:width\" content=\"533\" \/>\n\t<meta property=\"og:image:height\" content=\"227\" \/>\n\t<meta property=\"og:image:type\" content=\"image\/jpeg\" \/>\n<meta name=\"author\" content=\"Laura Fernandez\" \/>\n<meta name=\"twitter:card\" content=\"summary_large_image\" \/>\n<meta name=\"twitter:label1\" content=\"Escrito por\" \/>\n\t<meta name=\"twitter:data1\" content=\"Laura Fernandez\" \/>\n\t<meta name=\"twitter:label2\" content=\"Tiempo de lectura\" \/>\n\t<meta name=\"twitter:data2\" content=\"3 minutos\" \/>\n<script type=\"application\/ld+json\" class=\"yoast-schema-graph\">{\"@context\":\"https:\/\/schema.org\",\"@graph\":[{\"@type\":\"Article\",\"@id\":\"https:\/\/turcon.es\/wp\/haciendo-frente-al-cambio-climatico\/#article\",\"isPartOf\":{\"@id\":\"https:\/\/turcon.es\/wp\/haciendo-frente-al-cambio-climatico\/\"},\"author\":{\"name\":\"Laura Fernandez\",\"@id\":\"https:\/\/turcon.es\/wp\/#\/schema\/person\/a1f3ba727ce031d9da17684affe85edd\"},\"headline\":\"Haciendo frente al Cambio Clim\u00e1tico\",\"datePublished\":\"2013-07-01T11:58:08+00:00\",\"mainEntityOfPage\":{\"@id\":\"https:\/\/turcon.es\/wp\/haciendo-frente-al-cambio-climatico\/\"},\"wordCount\":674,\"commentCount\":0,\"publisher\":{\"@id\":\"https:\/\/turcon.es\/wp\/#organization\"},\"image\":{\"@id\":\"https:\/\/turcon.es\/wp\/haciendo-frente-al-cambio-climatico\/#primaryimage\"},\"thumbnailUrl\":\"http:\/\/turcon.es\/wp\/wp-content\/uploads\/2012\/11\/ultimas-noticias.jpg?w=300\",\"articleSection\":[\"Administraci\u00f3n p\u00fablica\",\"Cambio clim\u00e1tico\",\"Concienciaci\u00f3n\",\"Consumismo\"],\"inLanguage\":\"es\",\"potentialAction\":[{\"@type\":\"CommentAction\",\"name\":\"Comment\",\"target\":[\"https:\/\/turcon.es\/wp\/haciendo-frente-al-cambio-climatico\/#respond\"]}]},{\"@type\":\"WebPage\",\"@id\":\"https:\/\/turcon.es\/wp\/haciendo-frente-al-cambio-climatico\/\",\"url\":\"https:\/\/turcon.es\/wp\/haciendo-frente-al-cambio-climatico\/\",\"name\":\"Haciendo frente al Cambio Clim\u00e1tico - Colectivo Ecologista Turcon\",\"isPartOf\":{\"@id\":\"https:\/\/turcon.es\/wp\/#website\"},\"primaryImageOfPage\":{\"@id\":\"https:\/\/turcon.es\/wp\/haciendo-frente-al-cambio-climatico\/#primaryimage\"},\"image\":{\"@id\":\"https:\/\/turcon.es\/wp\/haciendo-frente-al-cambio-climatico\/#primaryimage\"},\"thumbnailUrl\":\"http:\/\/turcon.es\/wp\/wp-content\/uploads\/2012\/11\/ultimas-noticias.jpg?w=300\",\"datePublished\":\"2013-07-01T11:58:08+00:00\",\"breadcrumb\":{\"@id\":\"https:\/\/turcon.es\/wp\/haciendo-frente-al-cambio-climatico\/#breadcrumb\"},\"inLanguage\":\"es\",\"potentialAction\":[{\"@type\":\"ReadAction\",\"target\":[\"https:\/\/turcon.es\/wp\/haciendo-frente-al-cambio-climatico\/\"]}]},{\"@type\":\"ImageObject\",\"inLanguage\":\"es\",\"@id\":\"https:\/\/turcon.es\/wp\/haciendo-frente-al-cambio-climatico\/#primaryimage\",\"url\":\"http:\/\/turcon.es\/wp\/wp-content\/uploads\/2012\/11\/ultimas-noticias.jpg?w=300\",\"contentUrl\":\"http:\/\/turcon.es\/wp\/wp-content\/uploads\/2012\/11\/ultimas-noticias.jpg?w=300\"},{\"@type\":\"BreadcrumbList\",\"@id\":\"https:\/\/turcon.es\/wp\/haciendo-frente-al-cambio-climatico\/#breadcrumb\",\"itemListElement\":[{\"@type\":\"ListItem\",\"position\":1,\"name\":\"Portada\",\"item\":\"https:\/\/turcon.es\/wp\/\"},{\"@type\":\"ListItem\",\"position\":2,\"name\":\"Haciendo frente al Cambio Clim\u00e1tico\"}]},{\"@type\":\"WebSite\",\"@id\":\"https:\/\/turcon.es\/wp\/#website\",\"url\":\"https:\/\/turcon.es\/wp\/\",\"name\":\"Colectivo Ecologista Turcon\",\"description\":\"\",\"publisher\":{\"@id\":\"https:\/\/turcon.es\/wp\/#organization\"},\"potentialAction\":[{\"@type\":\"SearchAction\",\"target\":{\"@type\":\"EntryPoint\",\"urlTemplate\":\"https:\/\/turcon.es\/wp\/?s={search_term_string}\"},\"query-input\":{\"@type\":\"PropertyValueSpecification\",\"valueRequired\":true,\"valueName\":\"search_term_string\"}}],\"inLanguage\":\"es\"},{\"@type\":\"Organization\",\"@id\":\"https:\/\/turcon.es\/wp\/#organization\",\"name\":\"Colectivo Ecologista Turcon\",\"url\":\"https:\/\/turcon.es\/wp\/\",\"logo\":{\"@type\":\"ImageObject\",\"inLanguage\":\"es\",\"@id\":\"https:\/\/turcon.es\/wp\/#\/schema\/logo\/image\/\",\"url\":\"https:\/\/turcon.es\/wp\/wp-content\/uploads\/2025\/03\/logo-verde.svg\",\"contentUrl\":\"https:\/\/turcon.es\/wp\/wp-content\/uploads\/2025\/03\/logo-verde.svg\",\"width\":813,\"height\":813,\"caption\":\"Colectivo Ecologista Turcon\"},\"image\":{\"@id\":\"https:\/\/turcon.es\/wp\/#\/schema\/logo\/image\/\"}},{\"@type\":\"Person\",\"@id\":\"https:\/\/turcon.es\/wp\/#\/schema\/person\/a1f3ba727ce031d9da17684affe85edd\",\"name\":\"Laura Fernandez\",\"image\":{\"@type\":\"ImageObject\",\"inLanguage\":\"es\",\"@id\":\"https:\/\/turcon.es\/wp\/#\/schema\/person\/image\/\",\"url\":\"https:\/\/secure.gravatar.com\/avatar\/360749af9549af22e54582d50231ae56e854210ae2368797ba242f445a9852e8?s=96&d=mm&r=g\",\"contentUrl\":\"https:\/\/secure.gravatar.com\/avatar\/360749af9549af22e54582d50231ae56e854210ae2368797ba242f445a9852e8?s=96&d=mm&r=g\",\"caption\":\"Laura Fernandez\"},\"url\":\"https:\/\/turcon.es\/wp\/author\/admturcon\/\"}]}<\/script>\n<!-- \/ Yoast SEO plugin. -->","yoast_head_json":{"title":"Haciendo frente al Cambio Clim\u00e1tico - Colectivo Ecologista Turcon","robots":{"index":"index","follow":"follow","max-snippet":"max-snippet:-1","max-image-preview":"max-image-preview:large","max-video-preview":"max-video-preview:-1"},"canonical":"https:\/\/turcon.es\/wp\/haciendo-frente-al-cambio-climatico\/","og_locale":"es_ES","og_type":"article","og_title":"Haciendo frente al Cambio Clim\u00e1tico - Colectivo Ecologista Turcon","og_description":"Proyecto ClimaImpacto El Clima ejerce una enorme influencia en la naturaleza y en nuestras vidas, determina en gran medida la fauna y la flora de cada lugar, la cantidad de agua dulce disponible, los tipos de cultivos, etc. Los datos acumulados de miles de estaciones meteorol\u00f3gicas repartidas por todo el mundo demuestran que la temperatura [&hellip;]","og_url":"https:\/\/turcon.es\/wp\/haciendo-frente-al-cambio-climatico\/","og_site_name":"Colectivo Ecologista Turcon","article_published_time":"2013-07-01T11:58:08+00:00","og_image":[{"width":533,"height":227,"url":"https:\/\/turcon.es\/wp\/wp-content\/uploads\/2012\/11\/ultimas-noticias.jpg","type":"image\/jpeg"}],"author":"Laura Fernandez","twitter_card":"summary_large_image","twitter_misc":{"Escrito por":"Laura Fernandez","Tiempo de lectura":"3 minutos"},"schema":{"@context":"https:\/\/schema.org","@graph":[{"@type":"Article","@id":"https:\/\/turcon.es\/wp\/haciendo-frente-al-cambio-climatico\/#article","isPartOf":{"@id":"https:\/\/turcon.es\/wp\/haciendo-frente-al-cambio-climatico\/"},"author":{"name":"Laura Fernandez","@id":"https:\/\/turcon.es\/wp\/#\/schema\/person\/a1f3ba727ce031d9da17684affe85edd"},"headline":"Haciendo frente al Cambio Clim\u00e1tico","datePublished":"2013-07-01T11:58:08+00:00","mainEntityOfPage":{"@id":"https:\/\/turcon.es\/wp\/haciendo-frente-al-cambio-climatico\/"},"wordCount":674,"commentCount":0,"publisher":{"@id":"https:\/\/turcon.es\/wp\/#organization"},"image":{"@id":"https:\/\/turcon.es\/wp\/haciendo-frente-al-cambio-climatico\/#primaryimage"},"thumbnailUrl":"http:\/\/turcon.es\/wp\/wp-content\/uploads\/2012\/11\/ultimas-noticias.jpg?w=300","articleSection":["Administraci\u00f3n p\u00fablica","Cambio clim\u00e1tico","Concienciaci\u00f3n","Consumismo"],"inLanguage":"es","potentialAction":[{"@type":"CommentAction","name":"Comment","target":["https:\/\/turcon.es\/wp\/haciendo-frente-al-cambio-climatico\/#respond"]}]},{"@type":"WebPage","@id":"https:\/\/turcon.es\/wp\/haciendo-frente-al-cambio-climatico\/","url":"https:\/\/turcon.es\/wp\/haciendo-frente-al-cambio-climatico\/","name":"Haciendo frente al Cambio Clim\u00e1tico - Colectivo Ecologista Turcon","isPartOf":{"@id":"https:\/\/turcon.es\/wp\/#website"},"primaryImageOfPage":{"@id":"https:\/\/turcon.es\/wp\/haciendo-frente-al-cambio-climatico\/#primaryimage"},"image":{"@id":"https:\/\/turcon.es\/wp\/haciendo-frente-al-cambio-climatico\/#primaryimage"},"thumbnailUrl":"http:\/\/turcon.es\/wp\/wp-content\/uploads\/2012\/11\/ultimas-noticias.jpg?w=300","datePublished":"2013-07-01T11:58:08+00:00","breadcrumb":{"@id":"https:\/\/turcon.es\/wp\/haciendo-frente-al-cambio-climatico\/#breadcrumb"},"inLanguage":"es","potentialAction":[{"@type":"ReadAction","target":["https:\/\/turcon.es\/wp\/haciendo-frente-al-cambio-climatico\/"]}]},{"@type":"ImageObject","inLanguage":"es","@id":"https:\/\/turcon.es\/wp\/haciendo-frente-al-cambio-climatico\/#primaryimage","url":"http:\/\/turcon.es\/wp\/wp-content\/uploads\/2012\/11\/ultimas-noticias.jpg?w=300","contentUrl":"http:\/\/turcon.es\/wp\/wp-content\/uploads\/2012\/11\/ultimas-noticias.jpg?w=300"},{"@type":"BreadcrumbList","@id":"https:\/\/turcon.es\/wp\/haciendo-frente-al-cambio-climatico\/#breadcrumb","itemListElement":[{"@type":"ListItem","position":1,"name":"Portada","item":"https:\/\/turcon.es\/wp\/"},{"@type":"ListItem","position":2,"name":"Haciendo frente al Cambio Clim\u00e1tico"}]},{"@type":"WebSite","@id":"https:\/\/turcon.es\/wp\/#website","url":"https:\/\/turcon.es\/wp\/","name":"Colectivo Ecologista Turcon","description":"","publisher":{"@id":"https:\/\/turcon.es\/wp\/#organization"},"potentialAction":[{"@type":"SearchAction","target":{"@type":"EntryPoint","urlTemplate":"https:\/\/turcon.es\/wp\/?s={search_term_string}"},"query-input":{"@type":"PropertyValueSpecification","valueRequired":true,"valueName":"search_term_string"}}],"inLanguage":"es"},{"@type":"Organization","@id":"https:\/\/turcon.es\/wp\/#organization","name":"Colectivo Ecologista Turcon","url":"https:\/\/turcon.es\/wp\/","logo":{"@type":"ImageObject","inLanguage":"es","@id":"https:\/\/turcon.es\/wp\/#\/schema\/logo\/image\/","url":"https:\/\/turcon.es\/wp\/wp-content\/uploads\/2025\/03\/logo-verde.svg","contentUrl":"https:\/\/turcon.es\/wp\/wp-content\/uploads\/2025\/03\/logo-verde.svg","width":813,"height":813,"caption":"Colectivo Ecologista Turcon"},"image":{"@id":"https:\/\/turcon.es\/wp\/#\/schema\/logo\/image\/"}},{"@type":"Person","@id":"https:\/\/turcon.es\/wp\/#\/schema\/person\/a1f3ba727ce031d9da17684affe85edd","name":"Laura Fernandez","image":{"@type":"ImageObject","inLanguage":"es","@id":"https:\/\/turcon.es\/wp\/#\/schema\/person\/image\/","url":"https:\/\/secure.gravatar.com\/avatar\/360749af9549af22e54582d50231ae56e854210ae2368797ba242f445a9852e8?s=96&d=mm&r=g","contentUrl":"https:\/\/secure.gravatar.com\/avatar\/360749af9549af22e54582d50231ae56e854210ae2368797ba242f445a9852e8?s=96&d=mm&r=g","caption":"Laura Fernandez"},"url":"https:\/\/turcon.es\/wp\/author\/admturcon\/"}]}},"_links":{"self":[{"href":"https:\/\/turcon.es\/wp\/wp-json\/wp\/v2\/posts\/9842","targetHints":{"allow":["GET"]}}],"collection":[{"href":"https:\/\/turcon.es\/wp\/wp-json\/wp\/v2\/posts"}],"about":[{"href":"https:\/\/turcon.es\/wp\/wp-json\/wp\/v2\/types\/post"}],"author":[{"embeddable":true,"href":"https:\/\/turcon.es\/wp\/wp-json\/wp\/v2\/users\/2"}],"replies":[{"embeddable":true,"href":"https:\/\/turcon.es\/wp\/wp-json\/wp\/v2\/comments?post=9842"}],"version-history":[{"count":0,"href":"https:\/\/turcon.es\/wp\/wp-json\/wp\/v2\/posts\/9842\/revisions"}],"wp:attachment":[{"href":"https:\/\/turcon.es\/wp\/wp-json\/wp\/v2\/media?parent=9842"}],"wp:term":[{"taxonomy":"category","embeddable":true,"href":"https:\/\/turcon.es\/wp\/wp-json\/wp\/v2\/categories?post=9842"},{"taxonomy":"post_tag","embeddable":true,"href":"https:\/\/turcon.es\/wp\/wp-json\/wp\/v2\/tags?post=9842"}],"curies":[{"name":"wp","href":"https:\/\/api.w.org\/{rel}","templated":true}]}}